{"id":70014,"date":"2025-08-13T16:36:17","date_gmt":"2025-08-13T22:36:17","guid":{"rendered":"https:\/\/encuentroinformativo.com.mx\/?p=70014"},"modified":"2025-08-13T16:36:17","modified_gmt":"2025-08-13T22:36:17","slug":"con-drones-intensificaran-fumigacion-contra-mosco-transmisor-del-dengue","status":"publish","type":"post","link":"https:\/\/encuentroinformativo.com.mx\/?p=70014","title":{"rendered":"Con drones intensificar\u00e1n fumigaci\u00f3n contra mosco transmisor del dengue"},"content":{"rendered":"<p><strong>Dar\u00edo Pale<\/strong><\/p>\n<p>Xalapa, Ver.- El Secretario de Salud y director de los Servicios de Salud de Veracruz, Valent\u00edn Herrera Alarc\u00f3n, dio a conocer que para atacar a la proliferaci\u00f3n del mosquito del dengue pondr\u00e1n en funcionamiento tres drones con los cuales realizar\u00e1n fumigaciones.<\/p>\n<p>Destac\u00f3 la disposici\u00f3n de la gobernadora Rocio Nahle para la adquisici\u00f3n de estos equipos que estar\u00e1n en el \u00e1rea de vectores y apoyar\u00e1n en las acciones de lucha contra el dengue en Veracruz.<\/p>\n<p>Se iniciar\u00e1 un periodo de prueba para fumigaci\u00f3n contra el mosquito transmisor del dengue en zonas de dif\u00edcil acceso, como parte de la Segunda Jornada Nacional de Lucha Contra el Dengue a la que sum\u00f3 Veracruz desde el municipio de P\u00e1nuco.<\/p>\n<p>\u201cP\u00e1nuco al igual que el resto del Estado est\u00e1 bendecido, tiene de todo, pero tambi\u00e9n tiene moscos que transmiten dengue. No se les olvide que al ser un estado que tiene \u00e1reas con caracter\u00edsticas necesarias para la reproducci\u00f3n del mosco, hay puntos prioritarios a los que tenemos que poner atenci\u00f3n\u201d, se\u00f1al\u00f3.<\/p>\n<p>Destac\u00f3 que fue idea de la mandataria veracruzana hacer uso de estos drones con capacidad de fumigaci\u00f3n, toda vez que as\u00ed como Veracruz es bello, hay zonas de muy dif\u00edcil acceso, por lo con estas unidades se podr\u00e1 atender los lugares m\u00e1s dif\u00edciles.<\/p>\n<p>\u201cLos recovecos donde no pueden entrar los equipos de vectores. Para ella el reconocimiento. Tiene una gran presi\u00f3n por lo que hay que elegir los sitios en donde se fumigar\u00e1n con esos aparatos\u201d, explic\u00f3.<\/p>\n<p>En su mensaje en el norte de la entidad, sostuvo que la primera jornada nacional de lucha contra el dengue permiti\u00f3 la disminuci\u00f3n de incidencia de casos en Veracruz.<\/p>\n<p>\u201cPuedo decirlo, ha funcionado y est\u00e1 funcionando muy bien, tratemos de no levantar las campanas al aire porque nos falta todav\u00eda unas semanas, pero vamos muy bien de acuerdo al Sistema de Vigilancia Epidemiol\u00f3gica\u201d, coment\u00f3.<\/p>\n","protected":false},"excerpt":{"rendered":"<p>Dar\u00edo Pale Xalapa, Ver.- El Secretario de Salud y director de los Servicios de Salud de Veracruz, Valent\u00edn Herrera Alarc\u00f3n, dio a conocer que para atacar a la proliferaci\u00f3n del mosquito del dengue pondr\u00e1n en funcionamiento tres drones con los cuales realizar\u00e1n fumigaciones. Destac\u00f3 la disposici\u00f3n de la gobernadora Rocio Nahle para la adquisici\u00f3n de [&hellip;]<\/p>\n","protected":false},"author":2476,"featured_media":70015,"comment_status":"open","ping_status":"open","sticky":false,"template":"","format":"standard","meta":{"_jetpack_memberships_contains_paid_content":false,"footnotes":""},"categories":[9],"tags":[],"class_list":["post-70014","post","type-post","status-publish","format-standard","has-post-thumbnail","hentry","category-salud"],"jetpack_featured_media_url":"https:\/\/encuentroinformativo.com.mx\/wp-content\/uploads\/2025\/08\/IMG-20250813-WA0246.jpg","jetpack_sharing_enabled":true,"jetpack_likes_enabled":true,"amp_enabled":true,"_links":{"self":[{"href":"https:\/\/encuentroinformativo.com.mx\/index.php?rest_route=\/wp\/v2\/posts\/70014","targetHints":{"allow":["GET"]}}],"collection":[{"href":"https:\/\/encuentroinformativo.com.mx\/index.php?rest_route=\/wp\/v2\/posts"}],"about":[{"href":"https:\/\/encuentroinformativo.com.mx\/index.php?rest_route=\/wp\/v2\/types\/post"}],"author":[{"embeddable":true,"href":"https:\/\/encuentroinformativo.com.mx\/index.php?rest_route=\/wp\/v2\/users\/2476"}],"replies":[{"embeddable":true,"href":"https:\/\/encuentroinformativo.com.mx\/index.php?rest_route=%2Fwp%2Fv2%2Fcomments&post=70014"}],"version-history":[{"count":1,"href":"https:\/\/encuentroinformativo.com.mx\/index.php?rest_route=\/wp\/v2\/posts\/70014\/revisions"}],"predecessor-version":[{"id":70016,"href":"https:\/\/encuentroinformativo.com.mx\/index.php?rest_route=\/wp\/v2\/posts\/70014\/revisions\/70016"}],"wp:featuredmedia":[{"embeddable":true,"href":"https:\/\/encuentroinformativo.com.mx\/index.php?rest_route=\/wp\/v2\/media\/70015"}],"wp:attachment":[{"href":"https:\/\/encuentroinformativo.com.mx\/index.php?rest_route=%2Fwp%2Fv2%2Fmedia&parent=70014"}],"wp:term":[{"taxonomy":"category","embeddable":true,"href":"https:\/\/encuentroinformativo.com.mx\/index.php?rest_route=%2Fwp%2Fv2%2Fcategories&post=70014"},{"taxonomy":"post_tag","embeddable":true,"href":"https:\/\/encuentroinformativo.com.mx\/index.php?rest_route=%2Fwp%2Fv2%2Ftags&post=70014"}],"curies":[{"name":"wp","href":"https:\/\/api.w.org\/{rel}","templated":true}]}}