{"id":70017,"date":"2025-08-14T09:38:09","date_gmt":"2025-08-14T15:38:09","guid":{"rendered":"https:\/\/encuentroinformativo.com.mx\/?p=70017"},"modified":"2025-08-14T09:38:09","modified_gmt":"2025-08-14T15:38:09","slug":"el-dron-de-valentin","status":"publish","type":"post","link":"https:\/\/encuentroinformativo.com.mx\/?p=70017","title":{"rendered":"EL DRON DE VALENT\u00cdN"},"content":{"rendered":"<p dir=\"ltr\"><strong>Los Pol\u00edticos\u00a0<\/strong><\/p>\n<p dir=\"ltr\"><strong>Salvador Mu\u00f1oz<\/strong><\/p>\n<p dir=\"ltr\">En P\u00e1nuco, el titular de Salud en Veracruz, Valent\u00edn Herrera Alarc\u00f3n present\u00f3 un Dron que est\u00e1 ayudando a nebulizar zonas donde es dif\u00edcil el acceso del personal que fumiga para evitar la propagaci\u00f3n del mosquito Aedes Egipty, y por ende, el dengue.<\/p>\n<p dir=\"ltr\">Es en s\u00ed, el uso de la tecnolog\u00eda a favor de la salud de los veracruzanos y se espera que sea eficiente, es decir, menos dengue.<\/p>\n<p dir=\"ltr\">Ojal\u00e1 que como el doctor Valent\u00edn Herrera Alarc\u00f3n, otros funcionarios, alcaldes y dem\u00e1s animales pol\u00edticos, siguieran su ejemplo y emplearan las nuevas herramientas que la modernidad nos trae\u2026 como por ejemplo:<\/p>\n<p dir=\"ltr\">*Antes de llegar a alg\u00fan hospital, bien valdr\u00eda la pena que Roc\u00edo Nahle mandara de avanzada un Dron para que checara si ya pas\u00f3 Roberto Ramos Alor y no hacer el viaje en balde.<\/p>\n<p dir=\"ltr\">*El mismo Roberto Ramos Alor, en aras de evitar la fatiga, bien podr\u00eda emplear drones para abastecer medicinas\u2026<\/p>\n<p dir=\"ltr\">*Y aprovechando el Dron: Es m\u00e1s f\u00e1cil mandar a volar drones que mandar a volar a Ramos Alor\u2026 es pregunta!<\/p>\n<p dir=\"ltr\">*Esteban Ram\u00edrez bien podr\u00eda mandar un Dron para checar los pasos de Manuel Huerta, pero a como van las cosas, capaz que el Senador ya le gan\u00f3 el brinco!<\/p>\n<p dir=\"ltr\">*El PAN podr\u00eda usar uno de car\u00e1cter motivacional\u2026 como anda volando bajo, ya aunque sea el Dron el que vuele alto\u2026<\/p>\n<p dir=\"ltr\">*Dicen que Rom\u00e1n Moreno ya los usaba desde antes! Que por eso se dio cuenta que ven\u00eda el Ayuntamiento a cerrarle su Vaca Pinta \u00a1y abajo cortinita!<\/p>\n<p dir=\"ltr\">*Capaz que el Prorrogado Rector Mart\u00edn Aguilar S\u00e1nchez se le ocurre la ideota de abrir la Carrera de Piloto de Drones!<\/p>\n<p dir=\"ltr\">*En cualquier municipio gobernado por Morena, el dron acabar\u00eda siendo usado para filmar los XV a\u00f1os de la Princesa o el bodorrio del Bodoque\u2026<\/p>\n<p dir=\"ltr\">*En el partido, los morenos estar\u00edan disput\u00e1ndose en estos momentos qui\u00e9n manejar\u00eda el dron y acabar\u00edan por descomponerlo\u2026<\/p>\n<p dir=\"ltr\">*En el PRI, usar\u00edan en dron para\u2026 \u00a1olv\u00eddalo! Es m\u00e1s f\u00e1cil hacer ruedas de prensa en un caf\u00e9 que usar la tecnolog\u00eda\u2026<\/p>\n<p dir=\"ltr\">*En Movimiento Ciudadano, si tuvieran un Dron, Sergio Gil ser\u00eda el que sabr\u00eda manejarlo; Carbonell lo tendr\u00eda en el piso sin despegar; Dante ser\u00eda su due\u00f1o.<\/p>\n<p dir=\"ltr\">*En el PT, Dios nos libre de que Chent\u00edn Aguilar descubra un Dron porque capaz que agarra al minino, mascota del Partido, y todo para tener \u00a1el Gato Volador!<\/p>\n<p dir=\"ltr\">*La Polic\u00eda Municipal de Xalapa no podr\u00eda usar Drones porque arruinar\u00eda el paisaje a\u00e9reo que dan los cables de telefon\u00eda, internet y electricidad que hay por toda la ciudad\u2026<\/p>\n<p dir=\"ltr\">Pero mejor dejemos que el doctor Valent\u00edn con sus drones ataquen al mosquito\u2026 y esperemos que los resultados se reflejen con menos dengue.<\/p>\n","protected":false},"excerpt":{"rendered":"<p>Los Pol\u00edticos\u00a0 Salvador Mu\u00f1oz En P\u00e1nuco, el titular de Salud en Veracruz, Valent\u00edn Herrera Alarc\u00f3n present\u00f3 un Dron que est\u00e1 ayudando a nebulizar zonas donde es dif\u00edcil el acceso del personal que fumiga para evitar la propagaci\u00f3n del mosquito Aedes Egipty, y por ende, el dengue. Es en s\u00ed, el uso de la tecnolog\u00eda a [&hellip;]<\/p>\n","protected":false},"author":2476,"featured_media":387,"comment_status":"open","ping_status":"open","sticky":false,"template":"","format":"standard","meta":{"_jetpack_memberships_contains_paid_content":false,"footnotes":""},"categories":[11],"tags":[],"class_list":["post-70017","post","type-post","status-publish","format-standard","has-post-thumbnail","hentry","category-opinion"],"jetpack_featured_media_url":"https:\/\/encuentroinformativo.com.mx\/wp-content\/uploads\/2020\/03\/7CF8A22B-2764-47BE-8F7F-38FE9E5D6A2F.jpeg","jetpack_sharing_enabled":true,"jetpack_likes_enabled":true,"amp_enabled":true,"_links":{"self":[{"href":"https:\/\/encuentroinformativo.com.mx\/index.php?rest_route=\/wp\/v2\/posts\/70017","targetHints":{"allow":["GET"]}}],"collection":[{"href":"https:\/\/encuentroinformativo.com.mx\/index.php?rest_route=\/wp\/v2\/posts"}],"about":[{"href":"https:\/\/encuentroinformativo.com.mx\/index.php?rest_route=\/wp\/v2\/types\/post"}],"author":[{"embeddable":true,"href":"https:\/\/encuentroinformativo.com.mx\/index.php?rest_route=\/wp\/v2\/users\/2476"}],"replies":[{"embeddable":true,"href":"https:\/\/encuentroinformativo.com.mx\/index.php?rest_route=%2Fwp%2Fv2%2Fcomments&post=70017"}],"version-history":[{"count":1,"href":"https:\/\/encuentroinformativo.com.mx\/index.php?rest_route=\/wp\/v2\/posts\/70017\/revisions"}],"predecessor-version":[{"id":70018,"href":"https:\/\/encuentroinformativo.com.mx\/index.php?rest_route=\/wp\/v2\/posts\/70017\/revisions\/70018"}],"wp:featuredmedia":[{"embeddable":true,"href":"https:\/\/encuentroinformativo.com.mx\/index.php?rest_route=\/wp\/v2\/media\/387"}],"wp:attachment":[{"href":"https:\/\/encuentroinformativo.com.mx\/index.php?rest_route=%2Fwp%2Fv2%2Fmedia&parent=70017"}],"wp:term":[{"taxonomy":"category","embeddable":true,"href":"https:\/\/encuentroinformativo.com.mx\/index.php?rest_route=%2Fwp%2Fv2%2Fcategories&post=70017"},{"taxonomy":"post_tag","embeddable":true,"href":"https:\/\/encuentroinformativo.com.mx\/index.php?rest_route=%2Fwp%2Fv2%2Ftags&post=70017"}],"curies":[{"name":"wp","href":"https:\/\/api.w.org\/{rel}","templated":true}]}}