{"id":70019,"date":"2025-08-14T11:28:21","date_gmt":"2025-08-14T17:28:21","guid":{"rendered":"https:\/\/encuentroinformativo.com.mx\/?p=70019"},"modified":"2025-08-14T11:28:21","modified_gmt":"2025-08-14T17:28:21","slug":"ejecutan-a-director-del-penal-de-la-toma-en-cordoba","status":"publish","type":"post","link":"https:\/\/encuentroinformativo.com.mx\/?p=70019","title":{"rendered":"Ejecutan a director del penal de La Toma en C\u00f3rdoba"},"content":{"rendered":"<p><strong>Alejandro \u00c1vila<\/strong><\/p>\n<p>C\u00f3rdoba, Ver.- El director del penal de La Toma fue ejecutado la ma\u00f1ana de este jueves 14 de agosto, cuando conduc\u00eda una unidad oficial sobre el fraccionamiento Villa Verde del municipio de C\u00f3rdoba.<\/p>\n<p>El sujeto fue identificado como Ren\u00e9 Vergara Vergara, quien habr\u00eda recibido al menos cinco impactos de bala, cuando al intentar subir a la unidad antes mencionada fue interceptado por sujetos a bordo de una motocicleta quienes dispararon a quemarropa, seg\u00fan los primeros reportes.<\/p>\n<p>Tras el informe de la situaci\u00f3n se activ\u00f3 el C\u00f3digo Rojo y elementos de seguridad de los tres \u00f3rdenes del gobierno desplegaron un fuerte operativo en busca de los criminales.<\/p>\n<p>El per\u00edmetro donde se perpetr\u00f3 la agresi\u00f3n fue acordonado, por lo cual la ruta que va del pante\u00f3n hacia el bulevar Tratados de C\u00f3rdoba qued\u00f3 inhabilitada, debido a ello los automovilistas tuvieron que utilizar v\u00edas alternas.<\/p>\n","protected":false},"excerpt":{"rendered":"<p>Alejandro \u00c1vila C\u00f3rdoba, Ver.- El director del penal de La Toma fue ejecutado la ma\u00f1ana de este jueves 14 de agosto, cuando conduc\u00eda una unidad oficial sobre el fraccionamiento Villa Verde del municipio de C\u00f3rdoba. El sujeto fue identificado como Ren\u00e9 Vergara Vergara, quien habr\u00eda recibido al menos cinco impactos de bala, cuando al intentar [&hellip;]<\/p>\n","protected":false},"author":2476,"featured_media":70020,"comment_status":"open","ping_status":"open","sticky":false,"template":"","format":"standard","meta":{"_jetpack_memberships_contains_paid_content":false,"footnotes":""},"categories":[2],"tags":[],"class_list":["post-70019","post","type-post","status-publish","format-standard","has-post-thumbnail","hentry","category-estado"],"jetpack_featured_media_url":"https:\/\/encuentroinformativo.com.mx\/wp-content\/uploads\/2025\/08\/IMG-20250814-WA0111.jpg","jetpack_sharing_enabled":true,"jetpack_likes_enabled":true,"amp_enabled":true,"_links":{"self":[{"href":"https:\/\/encuentroinformativo.com.mx\/index.php?rest_route=\/wp\/v2\/posts\/70019","targetHints":{"allow":["GET"]}}],"collection":[{"href":"https:\/\/encuentroinformativo.com.mx\/index.php?rest_route=\/wp\/v2\/posts"}],"about":[{"href":"https:\/\/encuentroinformativo.com.mx\/index.php?rest_route=\/wp\/v2\/types\/post"}],"author":[{"embeddable":true,"href":"https:\/\/encuentroinformativo.com.mx\/index.php?rest_route=\/wp\/v2\/users\/2476"}],"replies":[{"embeddable":true,"href":"https:\/\/encuentroinformativo.com.mx\/index.php?rest_route=%2Fwp%2Fv2%2Fcomments&post=70019"}],"version-history":[{"count":2,"href":"https:\/\/encuentroinformativo.com.mx\/index.php?rest_route=\/wp\/v2\/posts\/70019\/revisions"}],"predecessor-version":[{"id":70022,"href":"https:\/\/encuentroinformativo.com.mx\/index.php?rest_route=\/wp\/v2\/posts\/70019\/revisions\/70022"}],"wp:featuredmedia":[{"embeddable":true,"href":"https:\/\/encuentroinformativo.com.mx\/index.php?rest_route=\/wp\/v2\/media\/70020"}],"wp:attachment":[{"href":"https:\/\/encuentroinformativo.com.mx\/index.php?rest_route=%2Fwp%2Fv2%2Fmedia&parent=70019"}],"wp:term":[{"taxonomy":"category","embeddable":true,"href":"https:\/\/encuentroinformativo.com.mx\/index.php?rest_route=%2Fwp%2Fv2%2Fcategories&post=70019"},{"taxonomy":"post_tag","embeddable":true,"href":"https:\/\/encuentroinformativo.com.mx\/index.php?rest_route=%2Fwp%2Fv2%2Ftags&post=70019"}],"curies":[{"name":"wp","href":"https:\/\/api.w.org\/{rel}","templated":true}]}}