{"id":70030,"date":"2025-08-14T12:57:23","date_gmt":"2025-08-14T18:57:23","guid":{"rendered":"https:\/\/encuentroinformativo.com.mx\/?p=70030"},"modified":"2025-08-14T12:57:23","modified_gmt":"2025-08-14T18:57:23","slug":"buscara-diputada-dirigencia-del-pt-en-veracruz","status":"publish","type":"post","link":"https:\/\/encuentroinformativo.com.mx\/?p=70030","title":{"rendered":"Buscar\u00e1 diputada dirigencia del PT en Veracruz"},"content":{"rendered":"<p><strong>Alejandro \u00c1vila<\/strong><\/p>\n<p>Veracruz, Ver.- En un llamado a la renovaci\u00f3n interna y a la participaci\u00f3n activa de las mujeres en la pol\u00edtica, El\u00edzabeth Morales dio a conocer su intenci\u00f3n de dirigir el Partido del Trabajo (PT) en Veracruz, rumbo al Congreso Estatal de su partido, que se celebrar\u00e1 en los pr\u00f3ximos meses.<\/p>\n<p>En entrevista, Morales Garc\u00eda destac\u00f3 que el PT vive un momento de transformaci\u00f3n, en el que se est\u00e1n renovando las estructuras municipales, ahora encabezadas por quienes representaron al partido en la pasada elecci\u00f3n, reactivando las bases y fortaleciendo la organizaci\u00f3n desde abajo, municipio por municipio.<\/p>\n<p>\u201cEl partido est\u00e1 tomando un nuevo rumbo, ganamos en 30 municipios y en el resto del Estado creci\u00f3 la simpat\u00eda ciudadana y hay m\u00e1s presencia territorial. Eso habla de un respiro, de una nueva ruta para el PT &#8220;, expres\u00f3.<\/p>\n<p>En cuanto a la renovaci\u00f3n del PT estatal, reiter\u00f3 que se encuentra en la mejor disposici\u00f3n de participar para formar parte de los Organos Colegiados de la Direcci\u00f3n del Partido, pues es as\u00ed como dicha fuerza pol\u00edtica se rige.<\/p>\n<p>&#8220;Las decisiones de nuestro partido se toman de forma horizontal, no de manera vertical; y en la posici\u00f3n que me toque, yo siempre estar\u00e9 para sumar&#8221;, reiter\u00f3.<\/p>\n<p>Asimismo, hizo un llamado para abrir espacios reales a las mujeres dentro de los partidos pol\u00edticos.<\/p>\n<p>Record\u00f3 que \u201cen toda la historia han existido mujeres en la pol\u00edtica, pero muy pocas han tenido la oportunidad de liderar. Hoy, ning\u00fan partido activo en el estado est\u00e1 dirigido por una mujer. Ya es tiempo de que eso cambie. Es momento de la alternancia, tambi\u00e9n dentro de los partidos\u201d, afirm\u00f3.<\/p>\n<p>Con una trayectoria reconocida y respaldo en distintos puntos del estado, Morales Garc\u00eda aspira a conformar y encabezar los \u00f3rganos de direcci\u00f3n del PT en Veracruz, sumando desde la izquierda a la construcci\u00f3n de un pa\u00eds m\u00e1s justo y equitativo.<\/p>\n<p>\u201cEstoy convencida de que podemos tomar decisiones de forma colectiva, con rumbo claro y compromiso con las causas sociales. Queremos conservar y fortalecer la confianza que nos ha dado la ciudadan\u00eda\u201d, concluy\u00f3.<\/p>\n","protected":false},"excerpt":{"rendered":"<p>Alejandro \u00c1vila Veracruz, Ver.- En un llamado a la renovaci\u00f3n interna y a la participaci\u00f3n activa de las mujeres en la pol\u00edtica, El\u00edzabeth Morales dio a conocer su intenci\u00f3n de dirigir el Partido del Trabajo (PT) en Veracruz, rumbo al Congreso Estatal de su partido, que se celebrar\u00e1 en los pr\u00f3ximos meses. En entrevista, Morales [&hellip;]<\/p>\n","protected":false},"author":2476,"featured_media":70031,"comment_status":"open","ping_status":"open","sticky":false,"template":"","format":"standard","meta":{"_jetpack_memberships_contains_paid_content":false,"footnotes":""},"categories":[2],"tags":[],"class_list":["post-70030","post","type-post","status-publish","format-standard","has-post-thumbnail","hentry","category-estado"],"jetpack_featured_media_url":"https:\/\/encuentroinformativo.com.mx\/wp-content\/uploads\/2025\/08\/IMG-20250814-WA0204.jpg","jetpack_sharing_enabled":true,"jetpack_likes_enabled":true,"amp_enabled":true,"_links":{"self":[{"href":"https:\/\/encuentroinformativo.com.mx\/index.php?rest_route=\/wp\/v2\/posts\/70030","targetHints":{"allow":["GET"]}}],"collection":[{"href":"https:\/\/encuentroinformativo.com.mx\/index.php?rest_route=\/wp\/v2\/posts"}],"about":[{"href":"https:\/\/encuentroinformativo.com.mx\/index.php?rest_route=\/wp\/v2\/types\/post"}],"author":[{"embeddable":true,"href":"https:\/\/encuentroinformativo.com.mx\/index.php?rest_route=\/wp\/v2\/users\/2476"}],"replies":[{"embeddable":true,"href":"https:\/\/encuentroinformativo.com.mx\/index.php?rest_route=%2Fwp%2Fv2%2Fcomments&post=70030"}],"version-history":[{"count":1,"href":"https:\/\/encuentroinformativo.com.mx\/index.php?rest_route=\/wp\/v2\/posts\/70030\/revisions"}],"predecessor-version":[{"id":70032,"href":"https:\/\/encuentroinformativo.com.mx\/index.php?rest_route=\/wp\/v2\/posts\/70030\/revisions\/70032"}],"wp:featuredmedia":[{"embeddable":true,"href":"https:\/\/encuentroinformativo.com.mx\/index.php?rest_route=\/wp\/v2\/media\/70031"}],"wp:attachment":[{"href":"https:\/\/encuentroinformativo.com.mx\/index.php?rest_route=%2Fwp%2Fv2%2Fmedia&parent=70030"}],"wp:term":[{"taxonomy":"category","embeddable":true,"href":"https:\/\/encuentroinformativo.com.mx\/index.php?rest_route=%2Fwp%2Fv2%2Fcategories&post=70030"},{"taxonomy":"post_tag","embeddable":true,"href":"https:\/\/encuentroinformativo.com.mx\/index.php?rest_route=%2Fwp%2Fv2%2Ftags&post=70030"}],"curies":[{"name":"wp","href":"https:\/\/api.w.org\/{rel}","templated":true}]}}