{"id":70033,"date":"2025-08-14T13:00:32","date_gmt":"2025-08-14T19:00:32","guid":{"rendered":"https:\/\/encuentroinformativo.com.mx\/?p=70033"},"modified":"2025-08-14T13:00:32","modified_gmt":"2025-08-14T19:00:32","slug":"vendedores-bienes-raices-solicitan-regreso-del-implade","status":"publish","type":"post","link":"https:\/\/encuentroinformativo.com.mx\/?p=70033","title":{"rendered":"Vendedores bienes ra\u00edces solicitan regreso del IMPLADE"},"content":{"rendered":"<p><strong>Alejandro \u00c1vila<\/strong><\/p>\n<p>Veracruz, Ver.- El regreso del Instituto Metropolitano de Planeaci\u00f3n y Desarrollo (IMPLADE) es fundamental para ejecutar un mejor reordenamiento de las ciudades, se\u00f1al\u00f3 Ra\u00fal Vel\u00e1zquez, presidente del Colegio de Administraci\u00f3n y Venta de Bienes Ra\u00edces de M\u00e9xico A.C.<\/p>\n<p>Los vendedores de bienes ra\u00edces puntualizaron que, se debe reestructurar la Ley Municipal de reordenamiento urbano pero, sobre todo, continuar con lo que se ha avanzado en estos \u00faltimos cuatro a\u00f1os.<\/p>\n<p>&#8220;Todos los gobiernos han trabajado, pero tenemos que trabajar de la mano en los tres niveles para poder hacer las cosas mejor y que no se queden rezagados todo lo que ya se hizo ahorita en 4 a\u00f1os, que vuelva el IMPLADE, el IMPLADE era el sistema que pod\u00eda organizar y retomar lo que se ten\u00eda ya trabajado, y no se quede todo lo que hicieron los alcaldes, no se queda ah\u00ed nada m\u00e1s, que ellos no contin\u00faen los alcaldes que vienen actualmente y para ello la IMPLADE es algo muy importante, y ah\u00ed vamos a estar nosotros sin duda alguna&#8221;, expres\u00f3.<\/p>\n<p>Finalmente dijo que, en este mes de agosto se deben realizar las votaciones para elegir al nuevo presidente del Colegio de Administraci\u00f3n y Venta de Bienes Ra\u00edces de M\u00e9xico A.C.<\/p>\n","protected":false},"excerpt":{"rendered":"<p>Alejandro \u00c1vila Veracruz, Ver.- El regreso del Instituto Metropolitano de Planeaci\u00f3n y Desarrollo (IMPLADE) es fundamental para ejecutar un mejor reordenamiento de las ciudades, se\u00f1al\u00f3 Ra\u00fal Vel\u00e1zquez, presidente del Colegio de Administraci\u00f3n y Venta de Bienes Ra\u00edces de M\u00e9xico A.C. Los vendedores de bienes ra\u00edces puntualizaron que, se debe reestructurar la Ley Municipal de reordenamiento [&hellip;]<\/p>\n","protected":false},"author":2476,"featured_media":70034,"comment_status":"open","ping_status":"open","sticky":false,"template":"","format":"standard","meta":{"_jetpack_memberships_contains_paid_content":false,"footnotes":""},"categories":[2],"tags":[],"class_list":["post-70033","post","type-post","status-publish","format-standard","has-post-thumbnail","hentry","category-estado"],"jetpack_featured_media_url":"https:\/\/encuentroinformativo.com.mx\/wp-content\/uploads\/2025\/08\/IMG-20250814-WA02002.jpg","jetpack_sharing_enabled":true,"jetpack_likes_enabled":true,"amp_enabled":true,"_links":{"self":[{"href":"https:\/\/encuentroinformativo.com.mx\/index.php?rest_route=\/wp\/v2\/posts\/70033","targetHints":{"allow":["GET"]}}],"collection":[{"href":"https:\/\/encuentroinformativo.com.mx\/index.php?rest_route=\/wp\/v2\/posts"}],"about":[{"href":"https:\/\/encuentroinformativo.com.mx\/index.php?rest_route=\/wp\/v2\/types\/post"}],"author":[{"embeddable":true,"href":"https:\/\/encuentroinformativo.com.mx\/index.php?rest_route=\/wp\/v2\/users\/2476"}],"replies":[{"embeddable":true,"href":"https:\/\/encuentroinformativo.com.mx\/index.php?rest_route=%2Fwp%2Fv2%2Fcomments&post=70033"}],"version-history":[{"count":1,"href":"https:\/\/encuentroinformativo.com.mx\/index.php?rest_route=\/wp\/v2\/posts\/70033\/revisions"}],"predecessor-version":[{"id":70035,"href":"https:\/\/encuentroinformativo.com.mx\/index.php?rest_route=\/wp\/v2\/posts\/70033\/revisions\/70035"}],"wp:featuredmedia":[{"embeddable":true,"href":"https:\/\/encuentroinformativo.com.mx\/index.php?rest_route=\/wp\/v2\/media\/70034"}],"wp:attachment":[{"href":"https:\/\/encuentroinformativo.com.mx\/index.php?rest_route=%2Fwp%2Fv2%2Fmedia&parent=70033"}],"wp:term":[{"taxonomy":"category","embeddable":true,"href":"https:\/\/encuentroinformativo.com.mx\/index.php?rest_route=%2Fwp%2Fv2%2Fcategories&post=70033"},{"taxonomy":"post_tag","embeddable":true,"href":"https:\/\/encuentroinformativo.com.mx\/index.php?rest_route=%2Fwp%2Fv2%2Ftags&post=70033"}],"curies":[{"name":"wp","href":"https:\/\/api.w.org\/{rel}","templated":true}]}}