{"id":70040,"date":"2025-08-14T13:48:54","date_gmt":"2025-08-14T19:48:54","guid":{"rendered":"https:\/\/encuentroinformativo.com.mx\/?p=70040"},"modified":"2025-08-14T13:48:54","modified_gmt":"2025-08-14T19:48:54","slug":"policia-municipal-no-admitira-elementos-dados-de-baja-en-otras-corporaciones-alcalde","status":"publish","type":"post","link":"https:\/\/encuentroinformativo.com.mx\/?p=70040","title":{"rendered":"Polic\u00eda municipal no admitir\u00e1 elementos dados de baja en otras corporaciones: Alcalde"},"content":{"rendered":"<p><strong>Dar\u00edo Pale<\/strong><\/p>\n<p>Xalapa, Ver.- La detenci\u00f3n del jefe de turno de la Polic\u00eda Municipal, Antonio &#8220;N&#8221; por presunto delito de extorsi\u00f3n contra un comerciante, al venir de otra corporaci\u00f3n, &#8220;seguramente en otro tiempo cometi\u00f3 alguna falta que despu\u00e9s lo sigui\u00f3 hasta donde estaba\u201d, as\u00ed lo inform\u00f3 el alcalde de Xalapa, Alberto Islas Reyes.<\/p>\n<p>Al respecto, el edil capitalino indic\u00f3 que ha dado la instrucci\u00f3n para que no se admita ning\u00fan otro efectivo que haya sido dado de baja de cualquier otra corporaci\u00f3n.<\/p>\n<p>&#8220;Estamos privilegiando que sean j\u00f3venes, que hayan cumplido y cubierto todos los requisitos para que le demos a la ciudadan\u00eda el mayor elemento de seguridad&#8221;.<\/p>\n<p>Con respecto a si existen denuncias de comerciantes por extorsi\u00f3n de parte de los elementos policiales, el alcalde se\u00f1al\u00f3 que hasta ahora no, pero ha instruido al director de Seguridad Ciudadana que les d\u00e9 el acompa\u00f1amiento.<\/p>\n<p>Finalmente coment\u00f3, &#8220;que los lleve a las fiscal\u00edas para que denuncien, pues &#8220;es la \u00fanica manera de detener este delito&#8221;.<\/p>\n","protected":false},"excerpt":{"rendered":"<p>Dar\u00edo Pale Xalapa, Ver.- La detenci\u00f3n del jefe de turno de la Polic\u00eda Municipal, Antonio &#8220;N&#8221; por presunto delito de extorsi\u00f3n contra un comerciante, al venir de otra corporaci\u00f3n, &#8220;seguramente en otro tiempo cometi\u00f3 alguna falta que despu\u00e9s lo sigui\u00f3 hasta donde estaba\u201d, as\u00ed lo inform\u00f3 el alcalde de Xalapa, Alberto Islas Reyes. Al respecto, [&hellip;]<\/p>\n","protected":false},"author":2476,"featured_media":70041,"comment_status":"open","ping_status":"open","sticky":false,"template":"","format":"standard","meta":{"_jetpack_memberships_contains_paid_content":false,"footnotes":""},"categories":[3],"tags":[],"class_list":["post-70040","post","type-post","status-publish","format-standard","has-post-thumbnail","hentry","category-xalapa"],"jetpack_featured_media_url":"https:\/\/encuentroinformativo.com.mx\/wp-content\/uploads\/2025\/08\/IMG-20250814-WA02252.jpg","jetpack_sharing_enabled":true,"jetpack_likes_enabled":true,"amp_enabled":true,"_links":{"self":[{"href":"https:\/\/encuentroinformativo.com.mx\/index.php?rest_route=\/wp\/v2\/posts\/70040","targetHints":{"allow":["GET"]}}],"collection":[{"href":"https:\/\/encuentroinformativo.com.mx\/index.php?rest_route=\/wp\/v2\/posts"}],"about":[{"href":"https:\/\/encuentroinformativo.com.mx\/index.php?rest_route=\/wp\/v2\/types\/post"}],"author":[{"embeddable":true,"href":"https:\/\/encuentroinformativo.com.mx\/index.php?rest_route=\/wp\/v2\/users\/2476"}],"replies":[{"embeddable":true,"href":"https:\/\/encuentroinformativo.com.mx\/index.php?rest_route=%2Fwp%2Fv2%2Fcomments&post=70040"}],"version-history":[{"count":1,"href":"https:\/\/encuentroinformativo.com.mx\/index.php?rest_route=\/wp\/v2\/posts\/70040\/revisions"}],"predecessor-version":[{"id":70042,"href":"https:\/\/encuentroinformativo.com.mx\/index.php?rest_route=\/wp\/v2\/posts\/70040\/revisions\/70042"}],"wp:featuredmedia":[{"embeddable":true,"href":"https:\/\/encuentroinformativo.com.mx\/index.php?rest_route=\/wp\/v2\/media\/70041"}],"wp:attachment":[{"href":"https:\/\/encuentroinformativo.com.mx\/index.php?rest_route=%2Fwp%2Fv2%2Fmedia&parent=70040"}],"wp:term":[{"taxonomy":"category","embeddable":true,"href":"https:\/\/encuentroinformativo.com.mx\/index.php?rest_route=%2Fwp%2Fv2%2Fcategories&post=70040"},{"taxonomy":"post_tag","embeddable":true,"href":"https:\/\/encuentroinformativo.com.mx\/index.php?rest_route=%2Fwp%2Fv2%2Ftags&post=70040"}],"curies":[{"name":"wp","href":"https:\/\/api.w.org\/{rel}","templated":true}]}}