{"id":70046,"date":"2025-08-14T15:53:55","date_gmt":"2025-08-14T21:53:55","guid":{"rendered":"https:\/\/encuentroinformativo.com.mx\/?p=70046"},"modified":"2025-08-14T15:53:55","modified_gmt":"2025-08-14T21:53:55","slug":"discusion-por-celos-termino-en-tragedia","status":"publish","type":"post","link":"https:\/\/encuentroinformativo.com.mx\/?p=70046","title":{"rendered":"Discusi\u00f3n por celos, termin\u00f3 en tragedia"},"content":{"rendered":"<p><strong>Dar\u00edo Pale<\/strong><\/p>\n<p>Xalapa, Ver.- Un hombre de aproximadamente 65 a\u00f1os, fue asesinado de varias pu\u00f1aladas al interior de su autom\u00f3vil, un Tsuru rojo, en la esquina de las calles Vicente Guerrero y Francisco I. Madero, quien respond\u00eda al nombre de Jos\u00e9.<\/p>\n<p>De forma extraoficial se dice que este hecho fue motivado por una escena de celos, seg\u00fan algunas de las personas que se encontraban en la zona comentaron que una persona se identific\u00f3 como la esposa del presunto agresor, se\u00f1al\u00f3 que ambos se encontraban ingiriendo bebidas alcoh\u00f3licas cuando comenz\u00f3 la discusi\u00f3n que termin\u00f3 en tragedia.<\/p>\n<p>En medio del altercado, su pareja presuntamente tom\u00f3 un arma blanca y le caus\u00f3 graves heridas en el cuello a Jos\u00e9.<\/p>\n<p>Param\u00e9dicos del grupo Panteras acudieron al lugar, pero nada pudieron hacer, Jos\u00e9 ya no presentaba signos vitales. Polic\u00edas ministeriales y elementos de la Polic\u00eda Estatal de la Delegaci\u00f3n XX acordonaron la zona y recabaron informaci\u00f3n que permita dar con el paradero del presunto responsable.<\/p>\n<p>Vecinos y familiares, observaban desde las aceras, ya que conoc\u00edan tanto a la v\u00edctima como a la pareja se\u00f1alada y no daban cr\u00e9dito a lo ocurrido.<\/p>\n","protected":false},"excerpt":{"rendered":"<p>Dar\u00edo Pale Xalapa, Ver.- Un hombre de aproximadamente 65 a\u00f1os, fue asesinado de varias pu\u00f1aladas al interior de su autom\u00f3vil, un Tsuru rojo, en la esquina de las calles Vicente Guerrero y Francisco I. Madero, quien respond\u00eda al nombre de Jos\u00e9. De forma extraoficial se dice que este hecho fue motivado por una escena de [&hellip;]<\/p>\n","protected":false},"author":2476,"featured_media":70047,"comment_status":"open","ping_status":"open","sticky":false,"template":"","format":"standard","meta":{"_jetpack_memberships_contains_paid_content":false,"footnotes":""},"categories":[14],"tags":[],"class_list":["post-70046","post","type-post","status-publish","format-standard","has-post-thumbnail","hentry","category-policiaca"],"jetpack_featured_media_url":"https:\/\/encuentroinformativo.com.mx\/wp-content\/uploads\/2025\/08\/Photo_1755208187994.jpg","jetpack_sharing_enabled":true,"jetpack_likes_enabled":true,"amp_enabled":true,"_links":{"self":[{"href":"https:\/\/encuentroinformativo.com.mx\/index.php?rest_route=\/wp\/v2\/posts\/70046","targetHints":{"allow":["GET"]}}],"collection":[{"href":"https:\/\/encuentroinformativo.com.mx\/index.php?rest_route=\/wp\/v2\/posts"}],"about":[{"href":"https:\/\/encuentroinformativo.com.mx\/index.php?rest_route=\/wp\/v2\/types\/post"}],"author":[{"embeddable":true,"href":"https:\/\/encuentroinformativo.com.mx\/index.php?rest_route=\/wp\/v2\/users\/2476"}],"replies":[{"embeddable":true,"href":"https:\/\/encuentroinformativo.com.mx\/index.php?rest_route=%2Fwp%2Fv2%2Fcomments&post=70046"}],"version-history":[{"count":1,"href":"https:\/\/encuentroinformativo.com.mx\/index.php?rest_route=\/wp\/v2\/posts\/70046\/revisions"}],"predecessor-version":[{"id":70048,"href":"https:\/\/encuentroinformativo.com.mx\/index.php?rest_route=\/wp\/v2\/posts\/70046\/revisions\/70048"}],"wp:featuredmedia":[{"embeddable":true,"href":"https:\/\/encuentroinformativo.com.mx\/index.php?rest_route=\/wp\/v2\/media\/70047"}],"wp:attachment":[{"href":"https:\/\/encuentroinformativo.com.mx\/index.php?rest_route=%2Fwp%2Fv2%2Fmedia&parent=70046"}],"wp:term":[{"taxonomy":"category","embeddable":true,"href":"https:\/\/encuentroinformativo.com.mx\/index.php?rest_route=%2Fwp%2Fv2%2Fcategories&post=70046"},{"taxonomy":"post_tag","embeddable":true,"href":"https:\/\/encuentroinformativo.com.mx\/index.php?rest_route=%2Fwp%2Fv2%2Ftags&post=70046"}],"curies":[{"name":"wp","href":"https:\/\/api.w.org\/{rel}","templated":true}]}}