{"id":70049,"date":"2025-08-14T21:36:05","date_gmt":"2025-08-15T03:36:05","guid":{"rendered":"https:\/\/encuentroinformativo.com.mx\/?p=70049"},"modified":"2025-08-14T21:36:05","modified_gmt":"2025-08-15T03:36:05","slug":"volcadura-en-minatitlan-deja-un-muerto-y-varios-heridos","status":"publish","type":"post","link":"https:\/\/encuentroinformativo.com.mx\/?p=70049","title":{"rendered":"Volcadura en Minatitl\u00e1n deja un muerto y varios heridos"},"content":{"rendered":"<p><strong>Jos\u00e9 Vargas<\/strong><\/p>\n<p>Minatitl\u00e1n, Ver.- Un accidente automovil\u00edstico registrado la tarde de este jueves en la avenida Reyes Azteca, a la altura de las colonias Salubridad y Ejido Tacoteno, dej\u00f3 como saldo una persona fallecida y varios lesionados.<\/p>\n<p>De acuerdo con reportes preliminares, un veh\u00edculo Volkswagen Jetta, color verde, fue impactado por una camioneta blanca que se dio a la fuga tras el percance, sin detenerse a auxiliar a los ocupantes. El choque provoc\u00f3 que el autom\u00f3vil volcara, quedando con severos da\u00f1os y en posici\u00f3n de riesgo sobre la v\u00eda.<\/p>\n<p>Elementos de seguridad p\u00fablica municipal y estatal acudieron al sitio, junto con param\u00e9dicos, para brindar atenci\u00f3n m\u00e9dica a los heridos, quienes fueron trasladados a hospitales cercanos. Sin embargo, una persona perdi\u00f3 la vida en el lugar a consecuencia de las lesiones sufridas.<\/p>\n<p>La v\u00edctima mortal a\u00fan no ha sido identificada de manera oficial. Peritos y autoridades ministeriales realizaron el levantamiento del cuerpo y abrieron una carpeta de investigaci\u00f3n para dar con el paradero del conductor responsable, as\u00ed como para determinar las causas exactas del accidente.<\/p>\n<p><img loading=\"lazy\" decoding=\"async\" class=\"aligncenter size-medium wp-image-70051\" src=\"https:\/\/encuentroinformativo.com.mx\/wp-content\/uploads\/2025\/08\/IMG-20250814-WA0471-300x157.jpg\" alt=\"\" width=\"300\" height=\"157\" srcset=\"https:\/\/encuentroinformativo.com.mx\/wp-content\/uploads\/2025\/08\/IMG-20250814-WA0471-300x157.jpg 300w, https:\/\/encuentroinformativo.com.mx\/wp-content\/uploads\/2025\/08\/IMG-20250814-WA0471-1024x537.jpg 1024w, https:\/\/encuentroinformativo.com.mx\/wp-content\/uploads\/2025\/08\/IMG-20250814-WA0471-768x402.jpg 768w, https:\/\/encuentroinformativo.com.mx\/wp-content\/uploads\/2025\/08\/IMG-20250814-WA0471.jpg 1170w\" sizes=\"auto, (max-width: 300px) 100vw, 300px\" \/><\/p>\n","protected":false},"excerpt":{"rendered":"<p>Jos\u00e9 Vargas Minatitl\u00e1n, Ver.- Un accidente automovil\u00edstico registrado la tarde de este jueves en la avenida Reyes Azteca, a la altura de las colonias Salubridad y Ejido Tacoteno, dej\u00f3 como saldo una persona fallecida y varios lesionados. De acuerdo con reportes preliminares, un veh\u00edculo Volkswagen Jetta, color verde, fue impactado por una camioneta blanca que [&hellip;]<\/p>\n","protected":false},"author":2476,"featured_media":70050,"comment_status":"open","ping_status":"open","sticky":false,"template":"","format":"standard","meta":{"_jetpack_memberships_contains_paid_content":false,"footnotes":""},"categories":[14],"tags":[],"class_list":["post-70049","post","type-post","status-publish","format-standard","has-post-thumbnail","hentry","category-policiaca"],"jetpack_featured_media_url":"https:\/\/encuentroinformativo.com.mx\/wp-content\/uploads\/2025\/08\/IMG-20250814-WA0474.jpg","jetpack_sharing_enabled":true,"jetpack_likes_enabled":true,"amp_enabled":true,"_links":{"self":[{"href":"https:\/\/encuentroinformativo.com.mx\/index.php?rest_route=\/wp\/v2\/posts\/70049","targetHints":{"allow":["GET"]}}],"collection":[{"href":"https:\/\/encuentroinformativo.com.mx\/index.php?rest_route=\/wp\/v2\/posts"}],"about":[{"href":"https:\/\/encuentroinformativo.com.mx\/index.php?rest_route=\/wp\/v2\/types\/post"}],"author":[{"embeddable":true,"href":"https:\/\/encuentroinformativo.com.mx\/index.php?rest_route=\/wp\/v2\/users\/2476"}],"replies":[{"embeddable":true,"href":"https:\/\/encuentroinformativo.com.mx\/index.php?rest_route=%2Fwp%2Fv2%2Fcomments&post=70049"}],"version-history":[{"count":1,"href":"https:\/\/encuentroinformativo.com.mx\/index.php?rest_route=\/wp\/v2\/posts\/70049\/revisions"}],"predecessor-version":[{"id":70052,"href":"https:\/\/encuentroinformativo.com.mx\/index.php?rest_route=\/wp\/v2\/posts\/70049\/revisions\/70052"}],"wp:featuredmedia":[{"embeddable":true,"href":"https:\/\/encuentroinformativo.com.mx\/index.php?rest_route=\/wp\/v2\/media\/70050"}],"wp:attachment":[{"href":"https:\/\/encuentroinformativo.com.mx\/index.php?rest_route=%2Fwp%2Fv2%2Fmedia&parent=70049"}],"wp:term":[{"taxonomy":"category","embeddable":true,"href":"https:\/\/encuentroinformativo.com.mx\/index.php?rest_route=%2Fwp%2Fv2%2Fcategories&post=70049"},{"taxonomy":"post_tag","embeddable":true,"href":"https:\/\/encuentroinformativo.com.mx\/index.php?rest_route=%2Fwp%2Fv2%2Ftags&post=70049"}],"curies":[{"name":"wp","href":"https:\/\/api.w.org\/{rel}","templated":true}]}}