{"id":70053,"date":"2025-08-14T22:52:39","date_gmt":"2025-08-15T04:52:39","guid":{"rendered":"https:\/\/encuentroinformativo.com.mx\/?p=70053"},"modified":"2025-08-14T22:52:39","modified_gmt":"2025-08-15T04:52:39","slug":"ejecutan-a-comerciante-de-chatarra-frente-a-su-negocio","status":"publish","type":"post","link":"https:\/\/encuentroinformativo.com.mx\/?p=70053","title":{"rendered":"Ejecutan a comerciante de chatarra frente a su negocio\u00a0"},"content":{"rendered":"<p><strong>Jos\u00e9 Vargas<\/strong><\/p>\n<p>Mart\u00ednez de la Torre, Ver.- La ma\u00f1ana de este jueves, un comerciante dedicado a la compra de chatarra y PET fue asesinado a balazos frente a su negocio, ubicado en la calle Orqu\u00eddeas de la colonia Plaza Verde, en este municipio.<\/p>\n<p>De acuerdo con los primeros reportes, la v\u00edctima, identificada de manera preliminar como Reyes, llegaba a su establecimiento para iniciar actividades cuando fue sorprendido por sujetos armados. Los agresores le dispararon en repetidas ocasiones y luego huyeron con rumbo desconocido.<\/p>\n<p>Vecinos alertaron a los cuerpos de emergencia, quienes acudieron al lugar, pero nada pudieron hacer, ya que el comerciante no presentaba signos vitales. Elementos policiacos y ministeriales acordonaron el \u00e1rea y recabaron indicios para iniciar las investigaciones.<\/p>\n<p>El cuerpo fue trasladado al Servicio M\u00e9dico Forense (SEMEFO) para la necropsia correspondiente, y posteriormente ser\u00e1 entregado a sus familiares para su sepultura.<\/p>\n<p>Las autoridades no han informado sobre personas detenidas ni sobre el posible m\u00f3vil del crimen.<\/p>\n","protected":false},"excerpt":{"rendered":"<p>Jos\u00e9 Vargas Mart\u00ednez de la Torre, Ver.- La ma\u00f1ana de este jueves, un comerciante dedicado a la compra de chatarra y PET fue asesinado a balazos frente a su negocio, ubicado en la calle Orqu\u00eddeas de la colonia Plaza Verde, en este municipio. De acuerdo con los primeros reportes, la v\u00edctima, identificada de manera preliminar [&hellip;]<\/p>\n","protected":false},"author":2476,"featured_media":70054,"comment_status":"open","ping_status":"open","sticky":false,"template":"","format":"standard","meta":{"_jetpack_memberships_contains_paid_content":false,"footnotes":""},"categories":[14],"tags":[],"class_list":["post-70053","post","type-post","status-publish","format-standard","has-post-thumbnail","hentry","category-policiaca"],"jetpack_featured_media_url":"https:\/\/encuentroinformativo.com.mx\/wp-content\/uploads\/2025\/08\/IMG-20250814-WA04212.jpg","jetpack_sharing_enabled":true,"jetpack_likes_enabled":true,"amp_enabled":true,"_links":{"self":[{"href":"https:\/\/encuentroinformativo.com.mx\/index.php?rest_route=\/wp\/v2\/posts\/70053","targetHints":{"allow":["GET"]}}],"collection":[{"href":"https:\/\/encuentroinformativo.com.mx\/index.php?rest_route=\/wp\/v2\/posts"}],"about":[{"href":"https:\/\/encuentroinformativo.com.mx\/index.php?rest_route=\/wp\/v2\/types\/post"}],"author":[{"embeddable":true,"href":"https:\/\/encuentroinformativo.com.mx\/index.php?rest_route=\/wp\/v2\/users\/2476"}],"replies":[{"embeddable":true,"href":"https:\/\/encuentroinformativo.com.mx\/index.php?rest_route=%2Fwp%2Fv2%2Fcomments&post=70053"}],"version-history":[{"count":1,"href":"https:\/\/encuentroinformativo.com.mx\/index.php?rest_route=\/wp\/v2\/posts\/70053\/revisions"}],"predecessor-version":[{"id":70055,"href":"https:\/\/encuentroinformativo.com.mx\/index.php?rest_route=\/wp\/v2\/posts\/70053\/revisions\/70055"}],"wp:featuredmedia":[{"embeddable":true,"href":"https:\/\/encuentroinformativo.com.mx\/index.php?rest_route=\/wp\/v2\/media\/70054"}],"wp:attachment":[{"href":"https:\/\/encuentroinformativo.com.mx\/index.php?rest_route=%2Fwp%2Fv2%2Fmedia&parent=70053"}],"wp:term":[{"taxonomy":"category","embeddable":true,"href":"https:\/\/encuentroinformativo.com.mx\/index.php?rest_route=%2Fwp%2Fv2%2Fcategories&post=70053"},{"taxonomy":"post_tag","embeddable":true,"href":"https:\/\/encuentroinformativo.com.mx\/index.php?rest_route=%2Fwp%2Fv2%2Ftags&post=70053"}],"curies":[{"name":"wp","href":"https:\/\/api.w.org\/{rel}","templated":true}]}}