{"id":7006,"date":"2020-10-17T14:56:58","date_gmt":"2020-10-17T19:56:58","guid":{"rendered":"https:\/\/encuentroinformativo.com.mx\/?p=7006"},"modified":"2020-10-17T14:57:01","modified_gmt":"2020-10-17T19:57:01","slug":"aplicarian-encuesta-para-renovar-dirigencia-estatal-de-morena","status":"publish","type":"post","link":"https:\/\/encuentroinformativo.com.mx\/?p=7006","title":{"rendered":"Aplicar\u00edan encuesta para renovar dirigencia estatal de Morena"},"content":{"rendered":"\n<p><strong>Dar\u00edo Pale <\/strong><\/p>\n\n\n\n<p>Xalapa, Ver.- El secretario de Derechos Humanos y Sociales del comit\u00e9 ejecutivo estatal de Morena Alejandro Moreno Hern\u00e1ndez no\u00a0descarta que la dirigencia estatal de ese partido se defina a trav\u00e9s de encuesta, ya que la\u00a0renovaci\u00f3n de la dirigencia nacional de Morena se volvi\u00f3 un concurso de popularidad para ver qui\u00e9n es el m\u00e1s conocido.<\/p>\n\n\n\n<p>En conferencia de prensa realizada en conocido hotel de Xalapa, reconoci\u00f3 que el problema de la elecci\u00f3n de la dirigencia nacional se judicializ\u00f3 siendo rebasado dicho partido al no ser los congresos los que definen sino ahora a trav\u00e9s de una encuesta organizada por el Instituto Nacional Electoral (INE).<\/p>\n\n\n\n<p>Se\u00f1al\u00f3 que una vez que se defina qui\u00e9n ser\u00e1 el nuevo presidente de Morena en el pa\u00eds existen tres escenarios para conformaci\u00f3n de las dirigencias estatales; el primero que el nuevo presidente elija; la segunda opci\u00f3n es la realizaci\u00f3n de un consejo estatal, sin embargo por estar en tiempos electorales la propia ley no lo permite.<\/p>\n\n\n\n<p>Y por \u00faltimo indic\u00f3 la realizaci\u00f3n de una encuesta organizada por el Organismo P\u00fablico Local Electoral (OPLE), la cual considera como la m\u00e1s viable.<\/p>\n\n\n\n<p>Finalmente Moreno Hern\u00e1ndez rechaz\u00f3 que la divisi\u00f3n que hay al interior de Morena pueda afectar a ese partido pol\u00edtico.<\/p>\n","protected":false},"excerpt":{"rendered":"<p>Dar\u00edo Pale Xalapa, Ver.- El secretario de Derechos Humanos y Sociales del comit\u00e9 ejecutivo estatal de Morena Alejandro Moreno Hern\u00e1ndez no\u00a0descarta que la dirigencia estatal de ese partido se defina a trav\u00e9s de encuesta, ya que la\u00a0renovaci\u00f3n de la dirigencia nacional de Morena se volvi\u00f3 un concurso de popularidad para ver qui\u00e9n es el m\u00e1s [&hellip;]<\/p>\n","protected":false},"author":1,"featured_media":7007,"comment_status":"open","ping_status":"open","sticky":false,"template":"","format":"standard","meta":{"_jetpack_memberships_contains_paid_content":false,"footnotes":""},"categories":[2],"tags":[],"class_list":["post-7006","post","type-post","status-publish","format-standard","has-post-thumbnail","hentry","category-estado"],"jetpack_featured_media_url":"https:\/\/encuentroinformativo.com.mx\/wp-content\/uploads\/2020\/10\/FCA8651B-21B3-4918-8B3F-A68C50E6AC01.jpeg","jetpack_sharing_enabled":true,"jetpack_likes_enabled":true,"amp_enabled":true,"_links":{"self":[{"href":"https:\/\/encuentroinformativo.com.mx\/index.php?rest_route=\/wp\/v2\/posts\/7006","targetHints":{"allow":["GET"]}}],"collection":[{"href":"https:\/\/encuentroinformativo.com.mx\/index.php?rest_route=\/wp\/v2\/posts"}],"about":[{"href":"https:\/\/encuentroinformativo.com.mx\/index.php?rest_route=\/wp\/v2\/types\/post"}],"author":[{"embeddable":true,"href":"https:\/\/encuentroinformativo.com.mx\/index.php?rest_route=\/wp\/v2\/users\/1"}],"replies":[{"embeddable":true,"href":"https:\/\/encuentroinformativo.com.mx\/index.php?rest_route=%2Fwp%2Fv2%2Fcomments&post=7006"}],"version-history":[{"count":1,"href":"https:\/\/encuentroinformativo.com.mx\/index.php?rest_route=\/wp\/v2\/posts\/7006\/revisions"}],"predecessor-version":[{"id":7008,"href":"https:\/\/encuentroinformativo.com.mx\/index.php?rest_route=\/wp\/v2\/posts\/7006\/revisions\/7008"}],"wp:featuredmedia":[{"embeddable":true,"href":"https:\/\/encuentroinformativo.com.mx\/index.php?rest_route=\/wp\/v2\/media\/7007"}],"wp:attachment":[{"href":"https:\/\/encuentroinformativo.com.mx\/index.php?rest_route=%2Fwp%2Fv2%2Fmedia&parent=7006"}],"wp:term":[{"taxonomy":"category","embeddable":true,"href":"https:\/\/encuentroinformativo.com.mx\/index.php?rest_route=%2Fwp%2Fv2%2Fcategories&post=7006"},{"taxonomy":"post_tag","embeddable":true,"href":"https:\/\/encuentroinformativo.com.mx\/index.php?rest_route=%2Fwp%2Fv2%2Ftags&post=7006"}],"curies":[{"name":"wp","href":"https:\/\/api.w.org\/{rel}","templated":true}]}}