{"id":70061,"date":"2025-08-15T11:48:40","date_gmt":"2025-08-15T17:48:40","guid":{"rendered":"https:\/\/encuentroinformativo.com.mx\/?p=70061"},"modified":"2025-08-15T11:48:40","modified_gmt":"2025-08-15T17:48:40","slug":"adulto-mayor-pierde-la-vida-mientras-conducia-su-vehiculo","status":"publish","type":"post","link":"https:\/\/encuentroinformativo.com.mx\/?p=70061","title":{"rendered":"Adulto mayor pierde la vida mientras conduc\u00eda su veh\u00edculo"},"content":{"rendered":"<p><strong>Dar\u00edo Pale<\/strong><\/p>\n<p>Xalapa, Ver.- La ma\u00f1ana de este viernes lamentablemente una persona de la tercera edad perdi\u00f3 la vida, esto tras sufrir presuntamente un infarto, cuando conduc\u00eda un veh\u00edculo en la calle de Allende.<\/p>\n<p>Una persona de aproximadamente 62 a\u00f1os perdi\u00f3 la vida cuando conduc\u00eda su unidad sobre la calle de Allende, el cual viajaba acompa\u00f1ado de su familia y al transitar por dicha calle cuando empez\u00f3 a sentir un malestar.<\/p>\n<p>Seg\u00fan las versiones de algunas personas el conductor de la unidad quien fue identificado como Jos\u00e9 circulaba en su unidad que es un Volkswagen Jetta de color blanco, afortunadamente logro detenerse sobre la banqueta.<\/p>\n<p>Los familiares que viajaban con \u00e9l solicitaron de inmediato apoyo al n\u00famero de emergencias 911, por lo que param\u00e9dicos de Panteras arribaron al lugar para brindar auxilio, pero lamentablemente ya no hab\u00eda nada que hacer, confirmando que el hombre hab\u00eda fallecido, presuntamente por un paro card\u00edaco.<\/p>\n","protected":false},"excerpt":{"rendered":"<p>Dar\u00edo Pale Xalapa, Ver.- La ma\u00f1ana de este viernes lamentablemente una persona de la tercera edad perdi\u00f3 la vida, esto tras sufrir presuntamente un infarto, cuando conduc\u00eda un veh\u00edculo en la calle de Allende. Una persona de aproximadamente 62 a\u00f1os perdi\u00f3 la vida cuando conduc\u00eda su unidad sobre la calle de Allende, el cual viajaba [&hellip;]<\/p>\n","protected":false},"author":2476,"featured_media":70062,"comment_status":"open","ping_status":"open","sticky":false,"template":"","format":"standard","meta":{"_jetpack_memberships_contains_paid_content":false,"footnotes":""},"categories":[14],"tags":[],"class_list":["post-70061","post","type-post","status-publish","format-standard","has-post-thumbnail","hentry","category-policiaca"],"jetpack_featured_media_url":"https:\/\/encuentroinformativo.com.mx\/wp-content\/uploads\/2025\/08\/IMG-20250815-WA00552.jpg","jetpack_sharing_enabled":true,"jetpack_likes_enabled":true,"amp_enabled":true,"_links":{"self":[{"href":"https:\/\/encuentroinformativo.com.mx\/index.php?rest_route=\/wp\/v2\/posts\/70061","targetHints":{"allow":["GET"]}}],"collection":[{"href":"https:\/\/encuentroinformativo.com.mx\/index.php?rest_route=\/wp\/v2\/posts"}],"about":[{"href":"https:\/\/encuentroinformativo.com.mx\/index.php?rest_route=\/wp\/v2\/types\/post"}],"author":[{"embeddable":true,"href":"https:\/\/encuentroinformativo.com.mx\/index.php?rest_route=\/wp\/v2\/users\/2476"}],"replies":[{"embeddable":true,"href":"https:\/\/encuentroinformativo.com.mx\/index.php?rest_route=%2Fwp%2Fv2%2Fcomments&post=70061"}],"version-history":[{"count":1,"href":"https:\/\/encuentroinformativo.com.mx\/index.php?rest_route=\/wp\/v2\/posts\/70061\/revisions"}],"predecessor-version":[{"id":70063,"href":"https:\/\/encuentroinformativo.com.mx\/index.php?rest_route=\/wp\/v2\/posts\/70061\/revisions\/70063"}],"wp:featuredmedia":[{"embeddable":true,"href":"https:\/\/encuentroinformativo.com.mx\/index.php?rest_route=\/wp\/v2\/media\/70062"}],"wp:attachment":[{"href":"https:\/\/encuentroinformativo.com.mx\/index.php?rest_route=%2Fwp%2Fv2%2Fmedia&parent=70061"}],"wp:term":[{"taxonomy":"category","embeddable":true,"href":"https:\/\/encuentroinformativo.com.mx\/index.php?rest_route=%2Fwp%2Fv2%2Fcategories&post=70061"},{"taxonomy":"post_tag","embeddable":true,"href":"https:\/\/encuentroinformativo.com.mx\/index.php?rest_route=%2Fwp%2Fv2%2Ftags&post=70061"}],"curies":[{"name":"wp","href":"https:\/\/api.w.org\/{rel}","templated":true}]}}