{"id":70070,"date":"2025-08-15T13:16:08","date_gmt":"2025-08-15T19:16:08","guid":{"rendered":"https:\/\/encuentroinformativo.com.mx\/?p=70070"},"modified":"2025-08-15T13:16:08","modified_gmt":"2025-08-15T19:16:08","slug":"buscara-servicio-urbano-aumento-de-tarifas","status":"publish","type":"post","link":"https:\/\/encuentroinformativo.com.mx\/?p=70070","title":{"rendered":"Buscar\u00e1 Servicio Urbano aumento de tarifas"},"content":{"rendered":"<p><strong>Dar\u00edo Pale<\/strong><\/p>\n<p>Xalapa, Ver.- \u00d3scar Luis Ceballo Ram\u00edrez, presidente del Servicio Urbano de Xalapa, dio a conocer que ya han hecho la solicitud para hacer mesas de trabajo para poder incrementar el precio del servicio urbano donde han visto una respuesta favorable.<\/p>\n<p>Se\u00f1al\u00f3 que, \u201cbueno, de hecho ya hemos emitido solicitudes para que podamos tener mesas de trabajo con ellos, afortunadamente se ha visto una respuesta favorable del gobierno, donde ellos nos han dicho que tendremos mesas de trabajo para poder ver esta situaci\u00f3n, y yo creo que cuando estamos prestos a di\u00e1logo, yo creo que va a ser algo fructuoso, va a ser algo diferente, y no sobre todo nada m\u00e1s para Servicios Urbanos, sino para todos los transportistas de la capital que hemos estado sufriendo mucho desde 2014\u201d.<\/p>\n<p>\u201cDe no poder actualizar, muchas veces nos quejamos de una unidad talvez un poquito atrasada, pero con los costos de hoy en d\u00eda s\u00ed se nos complica, pero estamos en ello, trabajando, y haremos algo diferente\u201d, se\u00f1al\u00f3.<\/p>\n<p>Coment\u00f3 que por el momento a\u00fan no tienen una fecha definida para estas mesas de trabajo, \u201csimplemente estamos viendo que nos han mencionado que en el proyecto Ul\u00faa es la primera parte, ya est\u00e1n por concluirla en Veracruz y ya posteriormente nos indicaremos aca en Xalapa para podernos sentar con ellos\u201d.<\/p>\n<p>En cuanto a la iniciativa ciudadana para la movilidad coment\u00f3 que, como servicio urbano, cada 15, 20 d\u00edas tienen capacitaciones de parte de transporte p\u00fablico.<\/p>\n<p>En otro orden de ideas comento que hoy present\u00f3 el servicio Urban Plus el cual ofrece una nueva modalidad es un servicio con clima, cargadores USB en todas las mancuernillas de los asientos, ventanas panor\u00e1micas y rampas para discapacitados.<\/p>\n<p>Se\u00f1al\u00f3 que \u201ces un servicio con clima, cargadores USB en todas las mancuernillas de los asientos, es una rampa para discapacitados, un \u00e1rea donde van la silla de ruedas, entonces es todo climatizado y es una inversi\u00f3n arriba de los cuatro millones y medio, entonces estamos viendo esta situaci\u00f3n, que el Servicio Urbano implementar\u00e1 este servicio a la ciudadan\u00eda y ofreciendo diferente calidad\u201d.<\/p>\n<p>\u201cEsta ruta estar\u00e1 cubriendo la ruta de Fovissste &#8211; Bugambilias, lo que pasa por el centro, Plaza Am\u00e9ricas, L\u00e1zaro C\u00e1rdenas, el lunes ya se da, hoy le damos el banderazo nada m\u00e1s,<br \/>\nen presentaci\u00f3n aqu\u00ed con los amigos de Dover y Mercedes-Benz, pero es para darlos hoy a conocer y el lunes estar\u00e1 ya en circulaci\u00f3n\u201d, se\u00f1al\u00f3.<\/p>\n<p>Finalmente el directivo adelant\u00f3 que el plan contempla la adquisici\u00f3n m\u00ednima de 10 unidades antes de que finalice el a\u00f1o, aunque depender\u00e1 de los tiempos de entrega de las armadoras. Actualmente, el servicio urbano opera con 420 unidades en diversas rutas de la capital.<\/p>\n","protected":false},"excerpt":{"rendered":"<p>Dar\u00edo Pale Xalapa, Ver.- \u00d3scar Luis Ceballo Ram\u00edrez, presidente del Servicio Urbano de Xalapa, dio a conocer que ya han hecho la solicitud para hacer mesas de trabajo para poder incrementar el precio del servicio urbano donde han visto una respuesta favorable. Se\u00f1al\u00f3 que, \u201cbueno, de hecho ya hemos emitido solicitudes para que podamos tener [&hellip;]<\/p>\n","protected":false},"author":2476,"featured_media":70071,"comment_status":"open","ping_status":"open","sticky":false,"template":"","format":"standard","meta":{"_jetpack_memberships_contains_paid_content":false,"footnotes":""},"categories":[3],"tags":[],"class_list":["post-70070","post","type-post","status-publish","format-standard","has-post-thumbnail","hentry","category-xalapa"],"jetpack_featured_media_url":"https:\/\/encuentroinformativo.com.mx\/wp-content\/uploads\/2025\/08\/IMG-20250815-WA0070.jpg","jetpack_sharing_enabled":true,"jetpack_likes_enabled":true,"amp_enabled":true,"_links":{"self":[{"href":"https:\/\/encuentroinformativo.com.mx\/index.php?rest_route=\/wp\/v2\/posts\/70070","targetHints":{"allow":["GET"]}}],"collection":[{"href":"https:\/\/encuentroinformativo.com.mx\/index.php?rest_route=\/wp\/v2\/posts"}],"about":[{"href":"https:\/\/encuentroinformativo.com.mx\/index.php?rest_route=\/wp\/v2\/types\/post"}],"author":[{"embeddable":true,"href":"https:\/\/encuentroinformativo.com.mx\/index.php?rest_route=\/wp\/v2\/users\/2476"}],"replies":[{"embeddable":true,"href":"https:\/\/encuentroinformativo.com.mx\/index.php?rest_route=%2Fwp%2Fv2%2Fcomments&post=70070"}],"version-history":[{"count":1,"href":"https:\/\/encuentroinformativo.com.mx\/index.php?rest_route=\/wp\/v2\/posts\/70070\/revisions"}],"predecessor-version":[{"id":70072,"href":"https:\/\/encuentroinformativo.com.mx\/index.php?rest_route=\/wp\/v2\/posts\/70070\/revisions\/70072"}],"wp:featuredmedia":[{"embeddable":true,"href":"https:\/\/encuentroinformativo.com.mx\/index.php?rest_route=\/wp\/v2\/media\/70071"}],"wp:attachment":[{"href":"https:\/\/encuentroinformativo.com.mx\/index.php?rest_route=%2Fwp%2Fv2%2Fmedia&parent=70070"}],"wp:term":[{"taxonomy":"category","embeddable":true,"href":"https:\/\/encuentroinformativo.com.mx\/index.php?rest_route=%2Fwp%2Fv2%2Fcategories&post=70070"},{"taxonomy":"post_tag","embeddable":true,"href":"https:\/\/encuentroinformativo.com.mx\/index.php?rest_route=%2Fwp%2Fv2%2Ftags&post=70070"}],"curies":[{"name":"wp","href":"https:\/\/api.w.org\/{rel}","templated":true}]}}