{"id":70073,"date":"2025-08-15T14:48:16","date_gmt":"2025-08-15T20:48:16","guid":{"rendered":"https:\/\/encuentroinformativo.com.mx\/?p=70073"},"modified":"2025-08-15T14:48:16","modified_gmt":"2025-08-15T20:48:16","slug":"panteon-rococo-reprograma-concierto-en-veracruz","status":"publish","type":"post","link":"https:\/\/encuentroinformativo.com.mx\/?p=70073","title":{"rendered":"Pante\u00f3n Rococ\u00f3 reprograma concierto en Veracruz"},"content":{"rendered":"<p><strong>Alejandro \u00c1vila<\/strong><\/p>\n<p>Veracruz, Ver.- Pante\u00f3n Rococ\u00f3 informa que, debido al proceso de recuperaci\u00f3n de su vocalista Dr. Shenka, se han realizado ajustes en varias fechas de su gira \u201cXXX Generaci\u00f3n del 95\u201d, con el objetivo de priorizar su salud y garantizar que cada concierto se lleve a cabo con la fuerza, energ\u00eda y calidad que caracterizan a la banda.<\/p>\n<p>Tras una evoluci\u00f3n positiva, los m\u00e9dicos han recomendado extender su periodo de recuperaci\u00f3n. Por ello, varias presentaciones han sido reprogramadas y otras canceladas de manera definitiva por temas log\u00edsticos.<\/p>\n<p>Fechas sin cambio:<\/p>\n<p>Acapulco \u2013 Forum Imperial \u2013 15 de noviembre de 2025<br \/>\nPuebla \u2013 Tecate Comuna \u2013 22 de noviembre de 2025<br \/>\nCiudad de M\u00e9xico \u2013 Estadio GNP Seguros \u2013 27 y 28 de noviembre de 2025<\/p>\n<p>Fechas reprogramadas:<\/p>\n<p>San Luis Potos\u00ed \u2013 Arena Potos\u00ed \u2013 6 de diciembre de 2025<br \/>\nCanc\u00fan \u2013 Plaza de Toros \u2013 5 de febrero de 2026<br \/>\nM\u00e9rida \u2013 Foro GNP Seguros \u2013 7 de febrero de 2026<br \/>\nToluca \u2013 Teatro Morelos \u2013 12 de febrero de 2026<br \/>\nQuer\u00e9taro \u2013 Auditorio Josefa Ortiz \u2013 19 de febrero de 2026<br \/>\nLe\u00f3n \u2013 La Velaria \u2013 21 de febrero de 2026<br \/>\nOaxaca \u2013 Auditorio Guelaguetza \u2013 28 de febrero de 2026<\/p>\n<p>*Veracruz \u2013 Auditorio Benito Ju\u00e1rez \u2013 7 de marzo de 2026*<\/p>\n<p>Guadalajara \u2013 Auditorio Telmex \u2013 13 de marzo de 2026<br \/>\nMonterrey \u2013 Auditorio Banamex \u2013 31 de octubre de 2026<\/p>\n<p>Los boletos previamente adquiridos ser\u00e1n v\u00e1lidos para las nuevas fechas, sin necesidad de hacer ning\u00fan cambio. Para las fechas canceladas, se reembolsar\u00e1n a trav\u00e9s de los canales de venta oficiales.<\/p>\n<p>La banda agradece profundamente el cari\u00f1o, la paciencia y la comprensi\u00f3n del p\u00fablico en cada ciudad. Las fechas a partir de octubre siguen confirmadas y marcan el arranque oficial de la celebraci\u00f3n por los 30 a\u00f1os de historia de Pante\u00f3n Rococ\u00f3.<\/p>\n","protected":false},"excerpt":{"rendered":"<p>Alejandro \u00c1vila Veracruz, Ver.- Pante\u00f3n Rococ\u00f3 informa que, debido al proceso de recuperaci\u00f3n de su vocalista Dr. Shenka, se han realizado ajustes en varias fechas de su gira \u201cXXX Generaci\u00f3n del 95\u201d, con el objetivo de priorizar su salud y garantizar que cada concierto se lleve a cabo con la fuerza, energ\u00eda y calidad que [&hellip;]<\/p>\n","protected":false},"author":2476,"featured_media":70074,"comment_status":"open","ping_status":"open","sticky":false,"template":"","format":"standard","meta":{"_jetpack_memberships_contains_paid_content":false,"footnotes":""},"categories":[2],"tags":[],"class_list":["post-70073","post","type-post","status-publish","format-standard","has-post-thumbnail","hentry","category-estado"],"jetpack_featured_media_url":"https:\/\/encuentroinformativo.com.mx\/wp-content\/uploads\/2025\/08\/IMG-20250815-WA01982.jpg","jetpack_sharing_enabled":true,"jetpack_likes_enabled":true,"amp_enabled":true,"_links":{"self":[{"href":"https:\/\/encuentroinformativo.com.mx\/index.php?rest_route=\/wp\/v2\/posts\/70073","targetHints":{"allow":["GET"]}}],"collection":[{"href":"https:\/\/encuentroinformativo.com.mx\/index.php?rest_route=\/wp\/v2\/posts"}],"about":[{"href":"https:\/\/encuentroinformativo.com.mx\/index.php?rest_route=\/wp\/v2\/types\/post"}],"author":[{"embeddable":true,"href":"https:\/\/encuentroinformativo.com.mx\/index.php?rest_route=\/wp\/v2\/users\/2476"}],"replies":[{"embeddable":true,"href":"https:\/\/encuentroinformativo.com.mx\/index.php?rest_route=%2Fwp%2Fv2%2Fcomments&post=70073"}],"version-history":[{"count":2,"href":"https:\/\/encuentroinformativo.com.mx\/index.php?rest_route=\/wp\/v2\/posts\/70073\/revisions"}],"predecessor-version":[{"id":70076,"href":"https:\/\/encuentroinformativo.com.mx\/index.php?rest_route=\/wp\/v2\/posts\/70073\/revisions\/70076"}],"wp:featuredmedia":[{"embeddable":true,"href":"https:\/\/encuentroinformativo.com.mx\/index.php?rest_route=\/wp\/v2\/media\/70074"}],"wp:attachment":[{"href":"https:\/\/encuentroinformativo.com.mx\/index.php?rest_route=%2Fwp%2Fv2%2Fmedia&parent=70073"}],"wp:term":[{"taxonomy":"category","embeddable":true,"href":"https:\/\/encuentroinformativo.com.mx\/index.php?rest_route=%2Fwp%2Fv2%2Fcategories&post=70073"},{"taxonomy":"post_tag","embeddable":true,"href":"https:\/\/encuentroinformativo.com.mx\/index.php?rest_route=%2Fwp%2Fv2%2Ftags&post=70073"}],"curies":[{"name":"wp","href":"https:\/\/api.w.org\/{rel}","templated":true}]}}