{"id":70080,"date":"2025-08-15T18:47:32","date_gmt":"2025-08-16T00:47:32","guid":{"rendered":"https:\/\/encuentroinformativo.com.mx\/?p=70080"},"modified":"2025-08-15T18:47:32","modified_gmt":"2025-08-16T00:47:32","slug":"confirma-gobernadora-denuncia-por-bodegas-del-estado-rentadas-a-particulares-en-la-cdmx","status":"publish","type":"post","link":"https:\/\/encuentroinformativo.com.mx\/?p=70080","title":{"rendered":"Confirma Gobernadora denuncia por bodegas del Estado rentadas a particulares en la CDMX"},"content":{"rendered":"<p><strong>Jos\u00e9 Vargas<\/strong><\/p>\n<p>Xalapa, Ver.- La gobernadora de Veracruz, Roc\u00edo Nahle Garc\u00eda, confirm\u00f3 que su administraci\u00f3n present\u00f3 una denuncia formal contra la hermana del exsecretario de Desarrollo Agropecuario, Rural y Pesca (Sedarpa) y contra el propio exfuncionario, por la renta irregular de bodegas que pertenecen al Gobierno del Estado y que se encuentran en la Central de Abasto de la Ciudad de M\u00e9xico.<\/p>\n<p style=\"padding-left: 40px;\">En entrevista para <em>Oliva Noticias<\/em>, Nahle revel\u00f3 que estas instalaciones estatales fueron rentadas a particulares de manera indebida, afectando el patrimonio de Veracruz.<\/p>\n<p>\u201cEsas bodegas son del Gobierno del Estado y no se pueden utilizar para beneficio privado. El actual secretario, Rodr\u00edguez Calder\u00f3n, junto con la Direcci\u00f3n de Patrimonio del Estado, est\u00e1n atendiendo el caso y recuperando estos espacios\u201d, declar\u00f3 la mandataria.<\/p>\n<p>La denuncia ya fue interpuesta ante las autoridades correspondientes y forma parte de las acciones del gobierno para rescatar bienes estatales que se encuentran en manos de particulares sin justificaci\u00f3n legal.<\/p>\n","protected":false},"excerpt":{"rendered":"<p>Jos\u00e9 Vargas Xalapa, Ver.- La gobernadora de Veracruz, Roc\u00edo Nahle Garc\u00eda, confirm\u00f3 que su administraci\u00f3n present\u00f3 una denuncia formal contra la hermana del exsecretario de Desarrollo Agropecuario, Rural y Pesca (Sedarpa) y contra el propio exfuncionario, por la renta irregular de bodegas que pertenecen al Gobierno del Estado y que se encuentran en la Central [&hellip;]<\/p>\n","protected":false},"author":2476,"featured_media":70081,"comment_status":"open","ping_status":"open","sticky":false,"template":"","format":"standard","meta":{"_jetpack_memberships_contains_paid_content":false,"footnotes":""},"categories":[2],"tags":[],"class_list":["post-70080","post","type-post","status-publish","format-standard","has-post-thumbnail","hentry","category-estado"],"jetpack_featured_media_url":"https:\/\/encuentroinformativo.com.mx\/wp-content\/uploads\/2025\/08\/IMG-20250815-WA02912.jpg","jetpack_sharing_enabled":true,"jetpack_likes_enabled":true,"amp_enabled":true,"_links":{"self":[{"href":"https:\/\/encuentroinformativo.com.mx\/index.php?rest_route=\/wp\/v2\/posts\/70080","targetHints":{"allow":["GET"]}}],"collection":[{"href":"https:\/\/encuentroinformativo.com.mx\/index.php?rest_route=\/wp\/v2\/posts"}],"about":[{"href":"https:\/\/encuentroinformativo.com.mx\/index.php?rest_route=\/wp\/v2\/types\/post"}],"author":[{"embeddable":true,"href":"https:\/\/encuentroinformativo.com.mx\/index.php?rest_route=\/wp\/v2\/users\/2476"}],"replies":[{"embeddable":true,"href":"https:\/\/encuentroinformativo.com.mx\/index.php?rest_route=%2Fwp%2Fv2%2Fcomments&post=70080"}],"version-history":[{"count":2,"href":"https:\/\/encuentroinformativo.com.mx\/index.php?rest_route=\/wp\/v2\/posts\/70080\/revisions"}],"predecessor-version":[{"id":70083,"href":"https:\/\/encuentroinformativo.com.mx\/index.php?rest_route=\/wp\/v2\/posts\/70080\/revisions\/70083"}],"wp:featuredmedia":[{"embeddable":true,"href":"https:\/\/encuentroinformativo.com.mx\/index.php?rest_route=\/wp\/v2\/media\/70081"}],"wp:attachment":[{"href":"https:\/\/encuentroinformativo.com.mx\/index.php?rest_route=%2Fwp%2Fv2%2Fmedia&parent=70080"}],"wp:term":[{"taxonomy":"category","embeddable":true,"href":"https:\/\/encuentroinformativo.com.mx\/index.php?rest_route=%2Fwp%2Fv2%2Fcategories&post=70080"},{"taxonomy":"post_tag","embeddable":true,"href":"https:\/\/encuentroinformativo.com.mx\/index.php?rest_route=%2Fwp%2Fv2%2Ftags&post=70080"}],"curies":[{"name":"wp","href":"https:\/\/api.w.org\/{rel}","templated":true}]}}