{"id":70084,"date":"2025-08-15T19:09:20","date_gmt":"2025-08-16T01:09:20","guid":{"rendered":"https:\/\/encuentroinformativo.com.mx\/?p=70084"},"modified":"2025-08-15T19:09:20","modified_gmt":"2025-08-16T01:09:20","slug":"estrena-minatitlan-ciudad-judicial-acercan-la-justicia-a-la-region-sur","status":"publish","type":"post","link":"https:\/\/encuentroinformativo.com.mx\/?p=70084","title":{"rendered":"Estrena Minatitl\u00e1n Ciudad Judicial, acercan la justicia a la regi\u00f3n sur\u00a0"},"content":{"rendered":"<p><strong>Jos\u00e9 Vargas<\/strong><\/p>\n<p>Minatitl\u00e1n, Ver.- Con un acto protocolario que reuni\u00f3 a autoridades estatales, federales y del Poder Judicial, la gobernadora Roc\u00edo Nahle Garc\u00eda inaugur\u00f3 oficialmente la nueva Ciudad Judicial en Minatitl\u00e1n, infraestructura que busca agilizar y acercar los servicios de justicia a la poblaci\u00f3n de este municipio y de localidades aleda\u00f1as.<\/p>\n<p>Acompa\u00f1ada por la diputada local Naomi Santos, la alcaldesa Carmen Medel Palma, la magistrada presidenta del Poder Judicial del Estado, Lizbeth Aurelia Jim\u00e9nez Aguirre, la senadora Raquel Bonilla, as\u00ed como jueces, magistrados, abogados y representantes de diversos sectores, Nahle destac\u00f3 la relevancia de esta obra para la zona sur.<\/p>\n<p>\u201cEste es un gran paso para la justicia en Minatitl\u00e1n y los municipios cercanos, porque ahora los ciudadanos ya no tendr\u00e1n que viajar durante horas a otros municipios para realizar sus tr\u00e1mites judiciales\u201d, expres\u00f3 la mandataria estatal.<\/p>\n<p>La Ciudad Judicial concentrar\u00e1 en un mismo espacio juzgados, salas de oralidad, oficinas administrativas y \u00e1reas de atenci\u00f3n al p\u00fablico, lo que permitir\u00e1 optimizar procesos y reducir tiempos de espera para los usuarios.<\/p>\n<p>Con esta inauguraci\u00f3n, Minatitl\u00e1n se suma a la red de ciudades judiciales impulsadas por el gobierno estatal en coordinaci\u00f3n con el Poder Judicial, reforzando la infraestructura legal y el acceso a la justicia en Veracruz.<\/p>\n","protected":false},"excerpt":{"rendered":"<p>Jos\u00e9 Vargas Minatitl\u00e1n, Ver.- Con un acto protocolario que reuni\u00f3 a autoridades estatales, federales y del Poder Judicial, la gobernadora Roc\u00edo Nahle Garc\u00eda inaugur\u00f3 oficialmente la nueva Ciudad Judicial en Minatitl\u00e1n, infraestructura que busca agilizar y acercar los servicios de justicia a la poblaci\u00f3n de este municipio y de localidades aleda\u00f1as. Acompa\u00f1ada por la diputada [&hellip;]<\/p>\n","protected":false},"author":2476,"featured_media":70087,"comment_status":"open","ping_status":"open","sticky":false,"template":"","format":"standard","meta":{"_jetpack_memberships_contains_paid_content":false,"footnotes":""},"categories":[2],"tags":[],"class_list":["post-70084","post","type-post","status-publish","format-standard","has-post-thumbnail","hentry","category-estado"],"jetpack_featured_media_url":"https:\/\/encuentroinformativo.com.mx\/wp-content\/uploads\/2025\/08\/IMG-20250815-WA03132-scaled.jpg","jetpack_sharing_enabled":true,"jetpack_likes_enabled":true,"amp_enabled":true,"_links":{"self":[{"href":"https:\/\/encuentroinformativo.com.mx\/index.php?rest_route=\/wp\/v2\/posts\/70084","targetHints":{"allow":["GET"]}}],"collection":[{"href":"https:\/\/encuentroinformativo.com.mx\/index.php?rest_route=\/wp\/v2\/posts"}],"about":[{"href":"https:\/\/encuentroinformativo.com.mx\/index.php?rest_route=\/wp\/v2\/types\/post"}],"author":[{"embeddable":true,"href":"https:\/\/encuentroinformativo.com.mx\/index.php?rest_route=\/wp\/v2\/users\/2476"}],"replies":[{"embeddable":true,"href":"https:\/\/encuentroinformativo.com.mx\/index.php?rest_route=%2Fwp%2Fv2%2Fcomments&post=70084"}],"version-history":[{"count":1,"href":"https:\/\/encuentroinformativo.com.mx\/index.php?rest_route=\/wp\/v2\/posts\/70084\/revisions"}],"predecessor-version":[{"id":70088,"href":"https:\/\/encuentroinformativo.com.mx\/index.php?rest_route=\/wp\/v2\/posts\/70084\/revisions\/70088"}],"wp:featuredmedia":[{"embeddable":true,"href":"https:\/\/encuentroinformativo.com.mx\/index.php?rest_route=\/wp\/v2\/media\/70087"}],"wp:attachment":[{"href":"https:\/\/encuentroinformativo.com.mx\/index.php?rest_route=%2Fwp%2Fv2%2Fmedia&parent=70084"}],"wp:term":[{"taxonomy":"category","embeddable":true,"href":"https:\/\/encuentroinformativo.com.mx\/index.php?rest_route=%2Fwp%2Fv2%2Fcategories&post=70084"},{"taxonomy":"post_tag","embeddable":true,"href":"https:\/\/encuentroinformativo.com.mx\/index.php?rest_route=%2Fwp%2Fv2%2Ftags&post=70084"}],"curies":[{"name":"wp","href":"https:\/\/api.w.org\/{rel}","templated":true}]}}