{"id":70101,"date":"2025-08-16T15:54:17","date_gmt":"2025-08-16T21:54:17","guid":{"rendered":"https:\/\/encuentroinformativo.com.mx\/?p=70101"},"modified":"2025-08-16T15:54:17","modified_gmt":"2025-08-16T21:54:17","slug":"piden-activistas-avance-en-iniciativa-de-proteccion-animal","status":"publish","type":"post","link":"https:\/\/encuentroinformativo.com.mx\/?p=70101","title":{"rendered":"Piden activistas avance en iniciativa de protecci\u00f3n animal"},"content":{"rendered":"<p><strong>Dar\u00edo Pale<\/strong><\/p>\n<p>Xalapa, Ver.- En Xalapa, como en otras ciudades del estado de manera simult\u00e1nea, se lanz\u00f3 la campa\u00f1a &#8220;Seres Sintientes&#8221;, con la que buscan que la iniciativa que se hizo desde abril, en materia de Protecci\u00f3n de los animales, del a\u00f1o pasado en el Congreso Local avance, as\u00ed lo dio a conocer Lourdes Jim\u00e9nez representante de la Coalici\u00f3n de Activistas por los Derechos de los Animales de Veracruz (CADAV).<\/p>\n<p>Se\u00f1alaron que, &#8220;queremos que quede establecido que los animales son seres sintientes, sujetos de una protecci\u00f3n especial, no estar\u00edamos siendo los primeros porque esto ya se aprob\u00f3 en Baja California y otros lugares y tenemos que avanzar&#8221;.<\/p>\n<p>Dijo que Veracruz ha sido hist\u00f3ricamente un estado vanguardista en cuanto a legislaci\u00f3n y procuraci\u00f3n de justicia de los animales, sin embargo, hoy se queda el riesgo de quedarse atr\u00e1s.<\/p>\n<p>Por lo que la organizaci\u00f3n la cual est\u00e1 compuesta por m\u00e1s de 60 organizaciones de todo el Estado; llamaron a las y los diputados del Congreso del Estado, a dictaminar la propuesta de reforma constitucional para que los animales sean definidos en la Ley como &#8220;seres sintientes sujetos de protecci\u00f3n especial&#8221;.<\/p>\n<p>Explic\u00f3 que esto no depende de la labor de los activistas sino de las autoridades, &#8220;queremos que esta iniciativa de ley pase de las comisiones a votaci\u00f3n, necesitamos un dictamen para que de vote la iniciativa de Seres Sintientes, no lo hemos logrado a\u00fan cuando est\u00e1 desde abril que presenta el partido Verde con apoyo de Morena, pero que est\u00e1 frenada&#8221;.<\/p>\n<p>Expuso que los seres vivientes no son solo perros y gatos, sino todos los animales y se han tenido m\u00faltiples problemas.<\/p>\n<p>Lourdes Jim\u00e9nez, aclar\u00f3 que la reforma propuesta en abril de este a\u00f1o, no s\u00f3lo es para los animales de compa\u00f1\u00eda, sino en general de todos los animales, por lo que la conferencia se llev\u00f3 a cabo de manera simult\u00e1nea en los municipios de Poza Rica, Tierra Blanca, C\u00f3rdoba, Misantla, Huatusco, R\u00edo Blanco, Orizaba y Papantla.<\/p>\n<p>La activista llam\u00f3 de manera particular a los legisladores Carlos Marcelo Ru\u00edz S\u00e1nchez, Diego Casta\u00f1eda Aburto y a la diputada Noem\u00ed G\u00f3mez Santos para que saquen el dictamen y se vote.<\/p>\n<p>&#8220;Esto nos va a dar la posibilidad de modificar toda la legislaci\u00f3n que tenemos, Veracruz tiene legislaciones muy buenas, pero fuimos de los primeros y, eso nos deja ya en desventaja con todo lo que est\u00e1 sucediendo. Nuestro C\u00f3digo Penal debe ser ya revisado&#8221;, coment\u00f3.<\/p>\n<p>Lourdes Jim\u00e9nez recalc\u00f3 que al no hacerse la modificaci\u00f3n legal las organizaciones no pueden defender a los animales, por ello este d\u00eda el llamado tambi\u00e9n es para la sociedad en su conjunto.<\/p>\n<p>Finalmente se\u00f1al\u00f3 que, &#8220;cuando logremos que la Constituci\u00f3n de Veracruz los defina como seres sintientes sujetos de una protecci\u00f3n especial, se van a poder modificar otras leyes, porque nuestro C\u00f3digo Civil sigue diciendo que son cosas&#8221;.<\/p>\n","protected":false},"excerpt":{"rendered":"<p>Dar\u00edo Pale Xalapa, Ver.- En Xalapa, como en otras ciudades del estado de manera simult\u00e1nea, se lanz\u00f3 la campa\u00f1a &#8220;Seres Sintientes&#8221;, con la que buscan que la iniciativa que se hizo desde abril, en materia de Protecci\u00f3n de los animales, del a\u00f1o pasado en el Congreso Local avance, as\u00ed lo dio a conocer Lourdes Jim\u00e9nez [&hellip;]<\/p>\n","protected":false},"author":2476,"featured_media":70102,"comment_status":"open","ping_status":"open","sticky":false,"template":"","format":"standard","meta":{"_jetpack_memberships_contains_paid_content":false,"footnotes":""},"categories":[3],"tags":[],"class_list":["post-70101","post","type-post","status-publish","format-standard","has-post-thumbnail","hentry","category-xalapa"],"jetpack_featured_media_url":"https:\/\/encuentroinformativo.com.mx\/wp-content\/uploads\/2025\/08\/IMG-20250816-WA0102.jpg","jetpack_sharing_enabled":true,"jetpack_likes_enabled":true,"amp_enabled":true,"_links":{"self":[{"href":"https:\/\/encuentroinformativo.com.mx\/index.php?rest_route=\/wp\/v2\/posts\/70101","targetHints":{"allow":["GET"]}}],"collection":[{"href":"https:\/\/encuentroinformativo.com.mx\/index.php?rest_route=\/wp\/v2\/posts"}],"about":[{"href":"https:\/\/encuentroinformativo.com.mx\/index.php?rest_route=\/wp\/v2\/types\/post"}],"author":[{"embeddable":true,"href":"https:\/\/encuentroinformativo.com.mx\/index.php?rest_route=\/wp\/v2\/users\/2476"}],"replies":[{"embeddable":true,"href":"https:\/\/encuentroinformativo.com.mx\/index.php?rest_route=%2Fwp%2Fv2%2Fcomments&post=70101"}],"version-history":[{"count":1,"href":"https:\/\/encuentroinformativo.com.mx\/index.php?rest_route=\/wp\/v2\/posts\/70101\/revisions"}],"predecessor-version":[{"id":70103,"href":"https:\/\/encuentroinformativo.com.mx\/index.php?rest_route=\/wp\/v2\/posts\/70101\/revisions\/70103"}],"wp:featuredmedia":[{"embeddable":true,"href":"https:\/\/encuentroinformativo.com.mx\/index.php?rest_route=\/wp\/v2\/media\/70102"}],"wp:attachment":[{"href":"https:\/\/encuentroinformativo.com.mx\/index.php?rest_route=%2Fwp%2Fv2%2Fmedia&parent=70101"}],"wp:term":[{"taxonomy":"category","embeddable":true,"href":"https:\/\/encuentroinformativo.com.mx\/index.php?rest_route=%2Fwp%2Fv2%2Fcategories&post=70101"},{"taxonomy":"post_tag","embeddable":true,"href":"https:\/\/encuentroinformativo.com.mx\/index.php?rest_route=%2Fwp%2Fv2%2Ftags&post=70101"}],"curies":[{"name":"wp","href":"https:\/\/api.w.org\/{rel}","templated":true}]}}