{"id":70117,"date":"2025-08-16T22:33:38","date_gmt":"2025-08-17T04:33:38","guid":{"rendered":"https:\/\/encuentroinformativo.com.mx\/?p=70117"},"modified":"2025-08-16T22:33:38","modified_gmt":"2025-08-17T04:33:38","slug":"confirma-gobierno-de-veracruz-detencion-tras-enfrentamiento-en-sayula-de-aleman","status":"publish","type":"post","link":"https:\/\/encuentroinformativo.com.mx\/?p=70117","title":{"rendered":"Confirma Gobierno de Veracruz detenci\u00f3n tras enfrentamiento en Sayula de Alem\u00e1n"},"content":{"rendered":"<p><strong>Jos\u00e9 Vargas<\/strong><\/p>\n<p>Sayula de Alem\u00e1n, Ver.- El secretario de Gobierno de Veracruz, Ricardo Ahued, confirm\u00f3 la detenci\u00f3n de un presunto delincuente luego del enfrentamiento armado registrado la noche del viernes en este municipio, hecho que dej\u00f3 un fuerte despliegue de seguridad en la zona.<\/p>\n<p>De acuerdo con la informaci\u00f3n obtenida, el detenido habr\u00eda ingresado con una herida de bala a un hospital de la regi\u00f3n, donde fue puesto bajo custodia de las autoridades.<\/p>\n<p>En entrevista, Ahued se\u00f1al\u00f3 que el operativo se realiz\u00f3 en coordinaci\u00f3n con la Secretar\u00eda de Seguridad P\u00fablica, la Guardia Nacional y el Ej\u00e9rcito, destacando que la administraci\u00f3n estatal no ceder\u00e1 frente a los grupos criminales que buscan generar violencia en la zona.<\/p>\n<p>\u201cNo nos vamos a doblar, no tuvieron efecto esas amedrentaciones; con este gobierno no van a ser efectivas. Le vamos a entrar a lo que tengamos que entrarle, porque no podemos estar a expensas de este tipo de cosas. En el enfrentamiento se logr\u00f3 la detenci\u00f3n de dos delincuentes con el apoyo de las fuerzas estatales y federales\u201d, declar\u00f3 el funcionario.<\/p>\n<p>El enfrentamiento en Sayula de Alem\u00e1n se suma a la ola de hechos violentos registrados en la regi\u00f3n sur de Veracruz en las \u00faltimas 48 horas, que incluyen asesinatos en Minatitl\u00e1n, un ataque en Chinameca, un hombre baleado en Acayucan y el hallazgo de una granada de fragmentaci\u00f3n en la comunidad de Aguilera.<\/p>\n","protected":false},"excerpt":{"rendered":"<p>Jos\u00e9 Vargas Sayula de Alem\u00e1n, Ver.- El secretario de Gobierno de Veracruz, Ricardo Ahued, confirm\u00f3 la detenci\u00f3n de un presunto delincuente luego del enfrentamiento armado registrado la noche del viernes en este municipio, hecho que dej\u00f3 un fuerte despliegue de seguridad en la zona. De acuerdo con la informaci\u00f3n obtenida, el detenido habr\u00eda ingresado con [&hellip;]<\/p>\n","protected":false},"author":2476,"featured_media":70118,"comment_status":"open","ping_status":"open","sticky":false,"template":"","format":"standard","meta":{"_jetpack_memberships_contains_paid_content":false,"footnotes":""},"categories":[2],"tags":[],"class_list":["post-70117","post","type-post","status-publish","format-standard","has-post-thumbnail","hentry","category-estado"],"jetpack_featured_media_url":"https:\/\/encuentroinformativo.com.mx\/wp-content\/uploads\/2025\/08\/IMG-20250816-WA02352.jpg","jetpack_sharing_enabled":true,"jetpack_likes_enabled":true,"amp_enabled":true,"_links":{"self":[{"href":"https:\/\/encuentroinformativo.com.mx\/index.php?rest_route=\/wp\/v2\/posts\/70117","targetHints":{"allow":["GET"]}}],"collection":[{"href":"https:\/\/encuentroinformativo.com.mx\/index.php?rest_route=\/wp\/v2\/posts"}],"about":[{"href":"https:\/\/encuentroinformativo.com.mx\/index.php?rest_route=\/wp\/v2\/types\/post"}],"author":[{"embeddable":true,"href":"https:\/\/encuentroinformativo.com.mx\/index.php?rest_route=\/wp\/v2\/users\/2476"}],"replies":[{"embeddable":true,"href":"https:\/\/encuentroinformativo.com.mx\/index.php?rest_route=%2Fwp%2Fv2%2Fcomments&post=70117"}],"version-history":[{"count":1,"href":"https:\/\/encuentroinformativo.com.mx\/index.php?rest_route=\/wp\/v2\/posts\/70117\/revisions"}],"predecessor-version":[{"id":70119,"href":"https:\/\/encuentroinformativo.com.mx\/index.php?rest_route=\/wp\/v2\/posts\/70117\/revisions\/70119"}],"wp:featuredmedia":[{"embeddable":true,"href":"https:\/\/encuentroinformativo.com.mx\/index.php?rest_route=\/wp\/v2\/media\/70118"}],"wp:attachment":[{"href":"https:\/\/encuentroinformativo.com.mx\/index.php?rest_route=%2Fwp%2Fv2%2Fmedia&parent=70117"}],"wp:term":[{"taxonomy":"category","embeddable":true,"href":"https:\/\/encuentroinformativo.com.mx\/index.php?rest_route=%2Fwp%2Fv2%2Fcategories&post=70117"},{"taxonomy":"post_tag","embeddable":true,"href":"https:\/\/encuentroinformativo.com.mx\/index.php?rest_route=%2Fwp%2Fv2%2Ftags&post=70117"}],"curies":[{"name":"wp","href":"https:\/\/api.w.org\/{rel}","templated":true}]}}