{"id":70124,"date":"2025-08-18T09:54:41","date_gmt":"2025-08-18T15:54:41","guid":{"rendered":"https:\/\/encuentroinformativo.com.mx\/?p=70124"},"modified":"2025-08-18T09:54:41","modified_gmt":"2025-08-18T15:54:41","slug":"los-tuxtlas-sin-infraestructura-vial-para-realizar-ciclismo","status":"publish","type":"post","link":"https:\/\/encuentroinformativo.com.mx\/?p=70124","title":{"rendered":"Los Tuxtlas sin infraestructura vial para realizar ciclismo"},"content":{"rendered":"<p><strong>* Eduardo Villegas, reconocido ciclista, acot\u00f3 que se deben de impulsar las ciclov\u00edas en la regi\u00f3n y la colocaci\u00f3n de se\u00f1al\u00e9ticas para hacer conciencia en los automovilistas.<\/strong><\/p>\n<p><strong>Armando Azamar\u00a0<\/strong><\/p>\n<p>San Andr\u00e9s Tuxtla, Ver.- Los Tuxtlas es una regi\u00f3n pionera en ciclismo, un deporte que se ha tornado m\u00e1s en una actividad recreativa, y pese a que no se cuenta con la infraestructura como ciclov\u00edas, la mayor\u00eda de los ciclistas optan por realizar sus rodadas hacia zonas de selva, no obstante, es indispensable impulsar la Ley General de Movilidad y Seguridad Vial (LGMSV) en Veracruz para coadyuvar en la integridad de quienes practican esta actividad, con se\u00f1al\u00e9ticas en las carreteras que puedan mejorar la educaci\u00f3n en los automovilistas e ir disminuyendo el n\u00famero de accidentes, por citar un ejemplo, expres\u00f3 Eduardo Villegas Selvas, reconocido ciclista con m\u00e1s de 20 a\u00f1os de trayectoria, tambi\u00e9n Presidente de la Organizaci\u00f3n Una Vuelta por Los Tuxtlas.<\/p>\n<p>\u201cEs un tema bastante amplio, en el tema del ciclismo es super importante esta iniciativa porque sabemos que, a partir de la pandemia, fue la actividad f\u00edsica numero uno recomendable para realizar, esto facilit\u00f3 que se hiciera mucho ciclismo m\u00e1s como actividad recreativa.<\/p>\n<p>Muchos ciclistas lo practican, en la capital del estado a\u00fan m\u00e1s, sabemos que ya tenemos unas ciclov\u00edas, pero no son suficientes, el ciclista requiere movilidad y respeto sin ninguna preocupaci\u00f3n, somos muy vulnerables ante los veh\u00edculos, muchos no tienen la cultura de manejar con precauci\u00f3n\u201d, dijo.<\/p>\n<p>Coment\u00f3 que, aunque la cultura vial depende tanto del automovilista como del ciclista, es imprescindible que la mayor\u00eda de los accidentes donde se ven involucrados es debido a la imprudencia del conductor de la unidad motriz por no respetar la velocidad del ciclista, en muchas ocasiones por conducir tambi\u00e9n bajo los efectos del alcohol.<\/p>\n<p>\u201cHay que tener se\u00f1alamientos y tener esa cultura de respeto para el ciclista, es un trabajo de ambas partes porque sabemos que no lo hacemos por estar molestando al veh\u00edculo, lo hacemos por recreaci\u00f3n, la ley hoy nos respalda que podemos utilizar un carril, pero sabemos que eso implica un alto riesgo porque no sabemos si el veh\u00edculo de atr\u00e1s lleva prisa o en qu\u00e9 estado viene\u201d, subray\u00f3.<\/p>\n<p>A esto, se suma el mal estado de las carreteras de Veracruz, espec\u00edficamente la carretera federal 180 que comprende desde paso del toro hasta Acayucan, lo que ha generado m\u00faltiples accidentes, incluso, por esquivar los baches el conductor de la unidad motriz invade las orillas o el carril contrario, lo que expone al ciclista.<\/p>\n<p>\u201cSer\u00eda bueno que se le tomara importancia para que se lleve a cabo no tanto solo en la capital sino en las diferentes ciudades del estado de Veracruz, que cuando menos coloquen ciclov\u00edas o se\u00f1al\u00e9ticas, pues tenemos espacios dignos en Los Tuxtlas, tendemos a ir hacia espacios de selva, lo cual tambi\u00e9n es apreciable porque te alejas de la ciudad\u201d, finaliz\u00f3.<\/p>\n","protected":false},"excerpt":{"rendered":"<p>* Eduardo Villegas, reconocido ciclista, acot\u00f3 que se deben de impulsar las ciclov\u00edas en la regi\u00f3n y la colocaci\u00f3n de se\u00f1al\u00e9ticas para hacer conciencia en los automovilistas. Armando Azamar\u00a0 San Andr\u00e9s Tuxtla, Ver.- Los Tuxtlas es una regi\u00f3n pionera en ciclismo, un deporte que se ha tornado m\u00e1s en una actividad recreativa, y pese a [&hellip;]<\/p>\n","protected":false},"author":2476,"featured_media":70125,"comment_status":"open","ping_status":"open","sticky":false,"template":"","format":"standard","meta":{"_jetpack_memberships_contains_paid_content":false,"footnotes":""},"categories":[2],"tags":[],"class_list":["post-70124","post","type-post","status-publish","format-standard","has-post-thumbnail","hentry","category-estado"],"jetpack_featured_media_url":"https:\/\/encuentroinformativo.com.mx\/wp-content\/uploads\/2025\/08\/IMG-20250817-WA02422.jpg","jetpack_sharing_enabled":true,"jetpack_likes_enabled":true,"amp_enabled":true,"_links":{"self":[{"href":"https:\/\/encuentroinformativo.com.mx\/index.php?rest_route=\/wp\/v2\/posts\/70124","targetHints":{"allow":["GET"]}}],"collection":[{"href":"https:\/\/encuentroinformativo.com.mx\/index.php?rest_route=\/wp\/v2\/posts"}],"about":[{"href":"https:\/\/encuentroinformativo.com.mx\/index.php?rest_route=\/wp\/v2\/types\/post"}],"author":[{"embeddable":true,"href":"https:\/\/encuentroinformativo.com.mx\/index.php?rest_route=\/wp\/v2\/users\/2476"}],"replies":[{"embeddable":true,"href":"https:\/\/encuentroinformativo.com.mx\/index.php?rest_route=%2Fwp%2Fv2%2Fcomments&post=70124"}],"version-history":[{"count":1,"href":"https:\/\/encuentroinformativo.com.mx\/index.php?rest_route=\/wp\/v2\/posts\/70124\/revisions"}],"predecessor-version":[{"id":70126,"href":"https:\/\/encuentroinformativo.com.mx\/index.php?rest_route=\/wp\/v2\/posts\/70124\/revisions\/70126"}],"wp:featuredmedia":[{"embeddable":true,"href":"https:\/\/encuentroinformativo.com.mx\/index.php?rest_route=\/wp\/v2\/media\/70125"}],"wp:attachment":[{"href":"https:\/\/encuentroinformativo.com.mx\/index.php?rest_route=%2Fwp%2Fv2%2Fmedia&parent=70124"}],"wp:term":[{"taxonomy":"category","embeddable":true,"href":"https:\/\/encuentroinformativo.com.mx\/index.php?rest_route=%2Fwp%2Fv2%2Fcategories&post=70124"},{"taxonomy":"post_tag","embeddable":true,"href":"https:\/\/encuentroinformativo.com.mx\/index.php?rest_route=%2Fwp%2Fv2%2Ftags&post=70124"}],"curies":[{"name":"wp","href":"https:\/\/api.w.org\/{rel}","templated":true}]}}