{"id":70152,"date":"2025-08-18T15:55:37","date_gmt":"2025-08-18T21:55:37","guid":{"rendered":"https:\/\/encuentroinformativo.com.mx\/?p=70152"},"modified":"2025-08-18T15:55:37","modified_gmt":"2025-08-18T21:55:37","slug":"en-enfrentamiento-de-sayula-hubo-operativos-coordinados-ahued","status":"publish","type":"post","link":"https:\/\/encuentroinformativo.com.mx\/?p=70152","title":{"rendered":"En enfrentamiento de Sayula, hubo operativos coordinados: Ahued"},"content":{"rendered":"<p><strong>Dar\u00edo Pale<\/strong><\/p>\n<p>Xalapa, Ver.- El secretario de gobierno Ricardo Ahued Bardahuil dio a conocer que del enfrentamiento que se registr\u00f3 el pasado viernes en Sayula de Alem\u00e1n se debi\u00f3 a que localizaron una casa de seguridad donde falleci\u00f3 una persona y otra m\u00e1s fue detenida y un polic\u00eda result\u00f3 herido.<\/p>\n<p>En conferencia de prensa inform\u00f3 que, \u201cse detuvo a una persona, una fallecida de los delincuentes, un polic\u00eda lesionado, pero esto es efecto de la coordinaci\u00f3n de la seguridad entre SSP, la Guardia Nacional y las dem\u00e1s corporaciones\u201d.<\/p>\n<p>\u201cNo le puedo asegurar, est\u00e1 la carpeta abierta, si se detuvieron ya est\u00e1 la casa resguardada<br \/>\ny los detenidos y el fallecido y el polic\u00eda est\u00e1 siendo atendido por el roz\u00f3n que tuvo en la pierna\u201d, coment\u00f3.<\/p>\n<p>Cabe recordar que el pasado viernes 15 de agosto en las calles de Reforma, Lerdo y Zamora del barrio de Canapa y la zona centro del municipio de Sayula de Alem\u00e1n donde se registr\u00f3 un ataque con armas de fuego.<\/p>\n<p>Finalmente cabe se\u00f1alar que en dicho enfrentamiento uno de los delincuentes perdi\u00f3 la vida y otro m\u00e1s fue detenido, mientras que un polic\u00eda result\u00f3 herido por un roz\u00f3n de bala.<\/p>\n","protected":false},"excerpt":{"rendered":"<p>Dar\u00edo Pale Xalapa, Ver.- El secretario de gobierno Ricardo Ahued Bardahuil dio a conocer que del enfrentamiento que se registr\u00f3 el pasado viernes en Sayula de Alem\u00e1n se debi\u00f3 a que localizaron una casa de seguridad donde falleci\u00f3 una persona y otra m\u00e1s fue detenida y un polic\u00eda result\u00f3 herido. En conferencia de prensa inform\u00f3 [&hellip;]<\/p>\n","protected":false},"author":2476,"featured_media":70154,"comment_status":"open","ping_status":"open","sticky":false,"template":"","format":"standard","meta":{"_jetpack_memberships_contains_paid_content":false,"footnotes":""},"categories":[2],"tags":[],"class_list":["post-70152","post","type-post","status-publish","format-standard","has-post-thumbnail","hentry","category-estado"],"jetpack_featured_media_url":"https:\/\/encuentroinformativo.com.mx\/wp-content\/uploads\/2025\/08\/IMG-20250818-WA02462.jpg","jetpack_sharing_enabled":true,"jetpack_likes_enabled":true,"amp_enabled":true,"_links":{"self":[{"href":"https:\/\/encuentroinformativo.com.mx\/index.php?rest_route=\/wp\/v2\/posts\/70152","targetHints":{"allow":["GET"]}}],"collection":[{"href":"https:\/\/encuentroinformativo.com.mx\/index.php?rest_route=\/wp\/v2\/posts"}],"about":[{"href":"https:\/\/encuentroinformativo.com.mx\/index.php?rest_route=\/wp\/v2\/types\/post"}],"author":[{"embeddable":true,"href":"https:\/\/encuentroinformativo.com.mx\/index.php?rest_route=\/wp\/v2\/users\/2476"}],"replies":[{"embeddable":true,"href":"https:\/\/encuentroinformativo.com.mx\/index.php?rest_route=%2Fwp%2Fv2%2Fcomments&post=70152"}],"version-history":[{"count":1,"href":"https:\/\/encuentroinformativo.com.mx\/index.php?rest_route=\/wp\/v2\/posts\/70152\/revisions"}],"predecessor-version":[{"id":70155,"href":"https:\/\/encuentroinformativo.com.mx\/index.php?rest_route=\/wp\/v2\/posts\/70152\/revisions\/70155"}],"wp:featuredmedia":[{"embeddable":true,"href":"https:\/\/encuentroinformativo.com.mx\/index.php?rest_route=\/wp\/v2\/media\/70154"}],"wp:attachment":[{"href":"https:\/\/encuentroinformativo.com.mx\/index.php?rest_route=%2Fwp%2Fv2%2Fmedia&parent=70152"}],"wp:term":[{"taxonomy":"category","embeddable":true,"href":"https:\/\/encuentroinformativo.com.mx\/index.php?rest_route=%2Fwp%2Fv2%2Fcategories&post=70152"},{"taxonomy":"post_tag","embeddable":true,"href":"https:\/\/encuentroinformativo.com.mx\/index.php?rest_route=%2Fwp%2Fv2%2Ftags&post=70152"}],"curies":[{"name":"wp","href":"https:\/\/api.w.org\/{rel}","templated":true}]}}