{"id":70156,"date":"2025-08-18T18:07:34","date_gmt":"2025-08-19T00:07:34","guid":{"rendered":"https:\/\/encuentroinformativo.com.mx\/?p=70156"},"modified":"2025-08-18T18:07:34","modified_gmt":"2025-08-19T00:07:34","slug":"con-protesta-piden-no-dejar-libre-a-presunto-homicida-de-chumatlan","status":"publish","type":"post","link":"https:\/\/encuentroinformativo.com.mx\/?p=70156","title":{"rendered":"Con protesta, piden no dejar libre a presunto homicida de Chumatl\u00e1n"},"content":{"rendered":"<p><strong>Dar\u00edo Pale<\/strong><\/p>\n<p>Xalapa, Ver.- El se\u00f1or Israel de Jes\u00fas Olmos acompa\u00f1ado de sus hijos se manifestaron en la plaza Lerdo y bloquearon la calle de Enr\u00edquez, para solicitar que la Fiscal\u00eda General del Estado (FGE), no deje en libertad al asesino de su padre Delfino Olmos Bernab\u00e9 a quien le dio muerte en su rancho en la Localidad de la Vega en el municipio de Chumatl\u00e1n.<\/p>\n<p>Durante la manifestaci\u00f3n se\u00f1al\u00f3 que, quieren hablar con la gobernadora Norma Roc\u00edo Nahle Garc\u00eda o con el secretario de gobierno Ricardo Ahued Bardahuil ya que, \u201cme preocupa mi integridad, s\u00e9 que estoy arriesgando mi vida tambi\u00e9n, porque el narcogobierno de Chumatl\u00e1n est\u00e1 metiendo las manos en este proceso, en el asesinato de mi padre\u201d.<\/p>\n<p>\u201cEllos siempre ten\u00edan una patrulla ah\u00ed, qu\u00e9 caso era que ese d\u00eda no hab\u00eda ninguna patrulla, y hay se\u00f1alamientos directos, estaba yo con mi se\u00f1or padre el d\u00eda que lo mataron, vimos cuando lo fueron a se\u00f1alar, dijeron es \u00e9l, conocimos a las personas que fueron a se\u00f1alar\u201d, coment\u00f3.<\/p>\n<p>Dio a conocer que hay una persona detenida, \u201ctoda la prensa de la sierra del Totonacapan la financia el ayuntamiento de Chumatl\u00e1n, todo eso est\u00e1 saliendo ahorita ya, que est\u00e1 una persona detenida, que no ten\u00eda problemas con mi padre, cuando esa persona detenida si ten\u00eda problemas con mi padre, por la herencia que les dej\u00f3 mi difunto abuelo, d\u00edas atr\u00e1s le vendieron un pedazo del terreno donde mataron a mi padre, mi padre habl\u00f3 con la persona que hab\u00eda comprado, dijo, desconoc\u00eda que era tuyo, voy a pedir que me devuelva mi dinero, fueron 100 mil pesos\u201d.<\/p>\n<p>Dijo que desde ese momento tuvieron rencilla entre ellos, \u201cpero para ello el alcalde de Chumatl\u00e1n, Ezequiel Espinoza Salazar, y su hermano Edgar Espinoza Salazar, tuvieron mucho que ver, dando todas las facilidades en seguridad, para que los sicarios pudieran hacer lo que fueron a hacer con mi se\u00f1or padre\u201d.<\/p>\n<p>Coment\u00f3 que esto tambi\u00e9n tiene tintes pol\u00edticos con \u00e9l ya que acaban de perder la elecci\u00f3n hace unos d\u00edas ya que su grupo \u201cjalamos por el lado correcto\u201d.<\/p>\n<p>\u201cLe pusieron cuatro tiros, uno en el coraz\u00f3n, uno en el pecho que le sali\u00f3 del pulm\u00f3n, uno en el h\u00edgado y uno en la cabeza, est\u00e1bamos, estaba en compa\u00f1\u00eda de nosotros, est\u00e1bamos en el rancho, cuando llegaron los dos sicarios acompa\u00f1ados de los hermanos de mi difunto padre,<br \/>\nque es R\u00f3mulo Olmos Bernabe, Julio Olmos Bernabe, quienes lo se\u00f1alaron, dijeron que \u00e9l es \u00e9l, no se hab\u00edan percatado que nosotros est\u00e1bamos m\u00e1s al fondo\u201d, acus\u00f3.<\/p>\n<p>Finalmente coment\u00f3, \u201cle pedimos al gobierno del Estado, primero, justicia para mi se\u00f1or padre, es un hombre de la tercera edad, es un hombre de campo que no se met\u00eda con nadie, que desde temprano que amanec\u00eda hasta que atardec\u00eda se la pasaba en su rancho, entonces no es justo que a una persona del campo, del trabajo, lo hayan acribillado de esta manera\u201d.<\/p>\n<p><img loading=\"lazy\" decoding=\"async\" class=\"aligncenter size-medium wp-image-70158\" src=\"https:\/\/encuentroinformativo.com.mx\/wp-content\/uploads\/2025\/08\/IMG-20250818-WA0349-300x169.jpg\" alt=\"\" width=\"300\" height=\"169\" srcset=\"https:\/\/encuentroinformativo.com.mx\/wp-content\/uploads\/2025\/08\/IMG-20250818-WA0349-300x169.jpg 300w, https:\/\/encuentroinformativo.com.mx\/wp-content\/uploads\/2025\/08\/IMG-20250818-WA0349-1024x576.jpg 1024w, https:\/\/encuentroinformativo.com.mx\/wp-content\/uploads\/2025\/08\/IMG-20250818-WA0349-768x432.jpg 768w, https:\/\/encuentroinformativo.com.mx\/wp-content\/uploads\/2025\/08\/IMG-20250818-WA0349.jpg 1280w\" sizes=\"auto, (max-width: 300px) 100vw, 300px\" \/><\/p>\n","protected":false},"excerpt":{"rendered":"<p>Dar\u00edo Pale Xalapa, Ver.- El se\u00f1or Israel de Jes\u00fas Olmos acompa\u00f1ado de sus hijos se manifestaron en la plaza Lerdo y bloquearon la calle de Enr\u00edquez, para solicitar que la Fiscal\u00eda General del Estado (FGE), no deje en libertad al asesino de su padre Delfino Olmos Bernab\u00e9 a quien le dio muerte en su rancho [&hellip;]<\/p>\n","protected":false},"author":2476,"featured_media":70157,"comment_status":"open","ping_status":"open","sticky":false,"template":"","format":"standard","meta":{"_jetpack_memberships_contains_paid_content":false,"footnotes":""},"categories":[2],"tags":[],"class_list":["post-70156","post","type-post","status-publish","format-standard","has-post-thumbnail","hentry","category-estado"],"jetpack_featured_media_url":"https:\/\/encuentroinformativo.com.mx\/wp-content\/uploads\/2025\/08\/IMG-20250818-WA0350.jpg","jetpack_sharing_enabled":true,"jetpack_likes_enabled":true,"amp_enabled":true,"_links":{"self":[{"href":"https:\/\/encuentroinformativo.com.mx\/index.php?rest_route=\/wp\/v2\/posts\/70156","targetHints":{"allow":["GET"]}}],"collection":[{"href":"https:\/\/encuentroinformativo.com.mx\/index.php?rest_route=\/wp\/v2\/posts"}],"about":[{"href":"https:\/\/encuentroinformativo.com.mx\/index.php?rest_route=\/wp\/v2\/types\/post"}],"author":[{"embeddable":true,"href":"https:\/\/encuentroinformativo.com.mx\/index.php?rest_route=\/wp\/v2\/users\/2476"}],"replies":[{"embeddable":true,"href":"https:\/\/encuentroinformativo.com.mx\/index.php?rest_route=%2Fwp%2Fv2%2Fcomments&post=70156"}],"version-history":[{"count":1,"href":"https:\/\/encuentroinformativo.com.mx\/index.php?rest_route=\/wp\/v2\/posts\/70156\/revisions"}],"predecessor-version":[{"id":70159,"href":"https:\/\/encuentroinformativo.com.mx\/index.php?rest_route=\/wp\/v2\/posts\/70156\/revisions\/70159"}],"wp:featuredmedia":[{"embeddable":true,"href":"https:\/\/encuentroinformativo.com.mx\/index.php?rest_route=\/wp\/v2\/media\/70157"}],"wp:attachment":[{"href":"https:\/\/encuentroinformativo.com.mx\/index.php?rest_route=%2Fwp%2Fv2%2Fmedia&parent=70156"}],"wp:term":[{"taxonomy":"category","embeddable":true,"href":"https:\/\/encuentroinformativo.com.mx\/index.php?rest_route=%2Fwp%2Fv2%2Fcategories&post=70156"},{"taxonomy":"post_tag","embeddable":true,"href":"https:\/\/encuentroinformativo.com.mx\/index.php?rest_route=%2Fwp%2Fv2%2Ftags&post=70156"}],"curies":[{"name":"wp","href":"https:\/\/api.w.org\/{rel}","templated":true}]}}