{"id":70162,"date":"2025-08-19T10:19:25","date_gmt":"2025-08-19T16:19:25","guid":{"rendered":"https:\/\/encuentroinformativo.com.mx\/?p=70162"},"modified":"2025-08-19T10:19:25","modified_gmt":"2025-08-19T16:19:25","slug":"cierre-de-negocios-en-centro-historico-de-veracruz-por-mala-planeacion-de-obra-cometur","status":"publish","type":"post","link":"https:\/\/encuentroinformativo.com.mx\/?p=70162","title":{"rendered":"Cierre de negocios en Centro Historico de Veracruz por mala planeaci\u00f3n de obra: COMETUR"},"content":{"rendered":"<p><strong>Alejandro \u00c1vila<\/strong><\/p>\n<p>Veracruz, Ver.- La mala planeaci\u00f3n en las obras de rehabilitaci\u00f3n del Centro Hist\u00f3rico de Veracruz y el no trabajar los siete d\u00edas de la semana, han dado como resultado el cierre definitivo de varios negocios en el primer cuadro de la ciudad.<\/p>\n<p>Sergio Lois Heredia, presidente del Consejo Metropolitano de Turismo (COMETUR) dio a conocer que varios empresarios han informado a trav\u00e9s de grupos de WhatsApp que sus comercios cerraron sus puertas de forma definitiva ante las bajas ventas por la ausencia de clientes en el Centro Hist\u00f3rico.<\/p>\n<p>&#8220;Ha sido un a\u00f1o y medio bastante complicado en cuanto a las obras, pero este a\u00f1o fue mucho m\u00e1s complicado porque nosotros a pesar de que el ayuntamiento nos dice que no e incluso se molestan cuando se los dicen, la verdad es que es una obra que ha sido mal planeada, no estamos diciendo que sea una obra fea o una obra mal hecha, no estamos diciendo eso en lo personal creo que va a quedar bastante bonita, pero la falta de planeaci\u00f3n que hubo le va a pegar much\u00edsimo y le ha pegado much\u00edsimo a los comercios del Centro Hist\u00f3rico este a\u00f1o, a tal grado que hay unos que han tenido que llegar a cerrar&#8221;, sentenci\u00f3.<\/p>\n<p>En la reuni\u00f3n entre empresarios y personal del Ayuntamiento, la direcci\u00f3n de Obras P\u00fablicas dio a conocer que el pr\u00f3ximo 30 de septiembre quedar\u00e1 concluida todos los trabajos despu\u00e9s de casi dos a\u00f1os de labores (aunque la alcaldesa dio a conocer en comunicado que quedar\u00e1 a finales de octubre); sin embargo, los comerciantes solicitaron que los contratistas pudieran trabajar los 7 d\u00edas de la semana en horario superiores a las 8 horas diarias.<\/p>\n<p>&#8220;Platicando con otros empresarios del centro creemos que ojal\u00e1 pudiese platicar el Ayuntamiento con sus contratistas y meterle m\u00e1s acelere a sus obras porque hay mucha molestia en ver que los domingos no se trabaja nada, los s\u00e1bados mediod\u00eda no se trabaja nada, que son las 8 horas de trabajo que se tienen en obras que generalmente no tienen una premura no tienen una necesidad de avanzar con rapidez, aqu\u00ed son las 8 horas de trabajo y nada m\u00e1s&#8221;, remat\u00f3.<\/p>\n","protected":false},"excerpt":{"rendered":"<p>Alejandro \u00c1vila Veracruz, Ver.- La mala planeaci\u00f3n en las obras de rehabilitaci\u00f3n del Centro Hist\u00f3rico de Veracruz y el no trabajar los siete d\u00edas de la semana, han dado como resultado el cierre definitivo de varios negocios en el primer cuadro de la ciudad. Sergio Lois Heredia, presidente del Consejo Metropolitano de Turismo (COMETUR) dio [&hellip;]<\/p>\n","protected":false},"author":2476,"featured_media":70163,"comment_status":"open","ping_status":"open","sticky":false,"template":"","format":"standard","meta":{"_jetpack_memberships_contains_paid_content":false,"footnotes":""},"categories":[2],"tags":[],"class_list":["post-70162","post","type-post","status-publish","format-standard","has-post-thumbnail","hentry","category-estado"],"jetpack_featured_media_url":"https:\/\/encuentroinformativo.com.mx\/wp-content\/uploads\/2025\/08\/IMG-20250819-WA00642.jpg","jetpack_sharing_enabled":true,"jetpack_likes_enabled":true,"amp_enabled":true,"_links":{"self":[{"href":"https:\/\/encuentroinformativo.com.mx\/index.php?rest_route=\/wp\/v2\/posts\/70162","targetHints":{"allow":["GET"]}}],"collection":[{"href":"https:\/\/encuentroinformativo.com.mx\/index.php?rest_route=\/wp\/v2\/posts"}],"about":[{"href":"https:\/\/encuentroinformativo.com.mx\/index.php?rest_route=\/wp\/v2\/types\/post"}],"author":[{"embeddable":true,"href":"https:\/\/encuentroinformativo.com.mx\/index.php?rest_route=\/wp\/v2\/users\/2476"}],"replies":[{"embeddable":true,"href":"https:\/\/encuentroinformativo.com.mx\/index.php?rest_route=%2Fwp%2Fv2%2Fcomments&post=70162"}],"version-history":[{"count":1,"href":"https:\/\/encuentroinformativo.com.mx\/index.php?rest_route=\/wp\/v2\/posts\/70162\/revisions"}],"predecessor-version":[{"id":70164,"href":"https:\/\/encuentroinformativo.com.mx\/index.php?rest_route=\/wp\/v2\/posts\/70162\/revisions\/70164"}],"wp:featuredmedia":[{"embeddable":true,"href":"https:\/\/encuentroinformativo.com.mx\/index.php?rest_route=\/wp\/v2\/media\/70163"}],"wp:attachment":[{"href":"https:\/\/encuentroinformativo.com.mx\/index.php?rest_route=%2Fwp%2Fv2%2Fmedia&parent=70162"}],"wp:term":[{"taxonomy":"category","embeddable":true,"href":"https:\/\/encuentroinformativo.com.mx\/index.php?rest_route=%2Fwp%2Fv2%2Fcategories&post=70162"},{"taxonomy":"post_tag","embeddable":true,"href":"https:\/\/encuentroinformativo.com.mx\/index.php?rest_route=%2Fwp%2Fv2%2Ftags&post=70162"}],"curies":[{"name":"wp","href":"https:\/\/api.w.org\/{rel}","templated":true}]}}