{"id":70168,"date":"2025-08-19T11:18:53","date_gmt":"2025-08-19T17:18:53","guid":{"rendered":"https:\/\/encuentroinformativo.com.mx\/?p=70168"},"modified":"2025-08-19T11:18:53","modified_gmt":"2025-08-19T17:18:53","slug":"extrabajadores-del-seguro-popular-mantienen-reclamo-de-laudos-pendientes","status":"publish","type":"post","link":"https:\/\/encuentroinformativo.com.mx\/?p=70168","title":{"rendered":"Extrabajadores del Seguro Popular mantienen reclamo de laudos pendientes"},"content":{"rendered":"<p><strong>Dar\u00edo Pale<\/strong><\/p>\n<p>Xalapa, Ver.- \u00c1ngel Carrera secretario general del ahora extinto sindicato del Seguro Popular, dio a conocer que debido al incumplimiento de pagos por parte del gobierno del estado y despu\u00e9s de sostener una reuni\u00f3n con sus compa\u00f1eros acordaron manifestarse para que les paguen los laudos ganados.<\/p>\n<p>Se\u00f1al\u00f3 que despu\u00e9s de tanta lucha, tantas gestiones, ir a la Secretar\u00eda de Salud, al departamento Jur\u00eddico, estar en Pol\u00edtica Regional y no han tenido respuesta, llevan dos meses en los que les han dejado de pagar y faltaron a ese compromiso.<\/p>\n<p>\u201cA mis compa\u00f1eros todav\u00eda tenemos de un primer bloque a 24 personas pendientes de pago, no tenemos fechas, no tenemos pues nada seguro y hoy venimos a ver qu\u00e9 soluci\u00f3n nos dan porque evidentemente la econom\u00eda nos est\u00e1 llevando, nos est\u00e1 arrastrando con esta situaci\u00f3n que es muy lamentable, ya son ocho a\u00f1os, siete meses y 20 d\u00edas, entonces es muy triste, es muy lamentable y aunque se han hecho compromisos, la verdad es que no se han cumplido\u201d, coment\u00f3.<\/p>\n<p>\u201cEntonces vamos a analizar aqu\u00ed en grupo, mis compa\u00f1eros, cu\u00e1l es lo procedente para poder tomar acciones igual y buscar la atenci\u00f3n del gobierno del Estado, pues ahorita nos estamos reuniendo para dialogar entre nosotros, ver qu\u00e9 se puede hacer porque literalmente lo hemos agotado todo, hemos cumplido con estar insistiendo en cada dependencia, en cada lugar que as\u00ed se nos requiere\u201d, agreg\u00f3.<\/p>\n<p>Coment\u00f3 que la econom\u00eda los est\u00e1 rebasando \u201ces algo muy injusto que despu\u00e9s de ocho a\u00f1os, siete meses, veinte d\u00edas, no tengamos respuesta del gobierno, el gobierno que se ha comprometido a luchar por las causas de los que menos tienen en este caso, de los que ya han batallado y pues concluido su juicio\u201d.<\/p>\n<p>Dio a conocer que todav\u00eda queda un bloque de cincuenta y cinco personas que est\u00e1n todav\u00eda tratando de resolver, lo m\u00e1s complicado ante todo es que se sigue generando un conflicto laboral ah\u00ed, sobre todo un da\u00f1o patrimonial por lo que d\u00eda a d\u00eda siguen increment\u00e1ndose, mientras no se paguen, se van a actualizar y se van a incrementar.<\/p>\n<p>Finalmente cabe se\u00f1alar que despu\u00e9s de que dialogaron acordaron manifestarse en la plaza Lerdo y bloquear la calle de Enr\u00edquez para llamar la atenci\u00f3n del gobierno del estado y puedan continuar realiz\u00e1ndose los pagos que tienen pendientes.<\/p>\n<p><img loading=\"lazy\" decoding=\"async\" class=\"aligncenter size-medium wp-image-70170\" src=\"https:\/\/encuentroinformativo.com.mx\/wp-content\/uploads\/2025\/08\/IMG-20250819-WA02252-300x140.jpg\" alt=\"\" width=\"300\" height=\"140\" srcset=\"https:\/\/encuentroinformativo.com.mx\/wp-content\/uploads\/2025\/08\/IMG-20250819-WA02252-300x140.jpg 300w, https:\/\/encuentroinformativo.com.mx\/wp-content\/uploads\/2025\/08\/IMG-20250819-WA02252-768x359.jpg 768w, https:\/\/encuentroinformativo.com.mx\/wp-content\/uploads\/2025\/08\/IMG-20250819-WA02252.jpg 1002w\" sizes=\"auto, (max-width: 300px) 100vw, 300px\" \/><\/p>\n","protected":false},"excerpt":{"rendered":"<p>Dar\u00edo Pale Xalapa, Ver.- \u00c1ngel Carrera secretario general del ahora extinto sindicato del Seguro Popular, dio a conocer que debido al incumplimiento de pagos por parte del gobierno del estado y despu\u00e9s de sostener una reuni\u00f3n con sus compa\u00f1eros acordaron manifestarse para que les paguen los laudos ganados. Se\u00f1al\u00f3 que despu\u00e9s de tanta lucha, tantas [&hellip;]<\/p>\n","protected":false},"author":2476,"featured_media":70169,"comment_status":"open","ping_status":"open","sticky":false,"template":"","format":"standard","meta":{"_jetpack_memberships_contains_paid_content":false,"footnotes":""},"categories":[9],"tags":[],"class_list":["post-70168","post","type-post","status-publish","format-standard","has-post-thumbnail","hentry","category-salud"],"jetpack_featured_media_url":"https:\/\/encuentroinformativo.com.mx\/wp-content\/uploads\/2025\/08\/IMG-20250819-WA0224.jpg","jetpack_sharing_enabled":true,"jetpack_likes_enabled":true,"amp_enabled":true,"_links":{"self":[{"href":"https:\/\/encuentroinformativo.com.mx\/index.php?rest_route=\/wp\/v2\/posts\/70168","targetHints":{"allow":["GET"]}}],"collection":[{"href":"https:\/\/encuentroinformativo.com.mx\/index.php?rest_route=\/wp\/v2\/posts"}],"about":[{"href":"https:\/\/encuentroinformativo.com.mx\/index.php?rest_route=\/wp\/v2\/types\/post"}],"author":[{"embeddable":true,"href":"https:\/\/encuentroinformativo.com.mx\/index.php?rest_route=\/wp\/v2\/users\/2476"}],"replies":[{"embeddable":true,"href":"https:\/\/encuentroinformativo.com.mx\/index.php?rest_route=%2Fwp%2Fv2%2Fcomments&post=70168"}],"version-history":[{"count":1,"href":"https:\/\/encuentroinformativo.com.mx\/index.php?rest_route=\/wp\/v2\/posts\/70168\/revisions"}],"predecessor-version":[{"id":70171,"href":"https:\/\/encuentroinformativo.com.mx\/index.php?rest_route=\/wp\/v2\/posts\/70168\/revisions\/70171"}],"wp:featuredmedia":[{"embeddable":true,"href":"https:\/\/encuentroinformativo.com.mx\/index.php?rest_route=\/wp\/v2\/media\/70169"}],"wp:attachment":[{"href":"https:\/\/encuentroinformativo.com.mx\/index.php?rest_route=%2Fwp%2Fv2%2Fmedia&parent=70168"}],"wp:term":[{"taxonomy":"category","embeddable":true,"href":"https:\/\/encuentroinformativo.com.mx\/index.php?rest_route=%2Fwp%2Fv2%2Fcategories&post=70168"},{"taxonomy":"post_tag","embeddable":true,"href":"https:\/\/encuentroinformativo.com.mx\/index.php?rest_route=%2Fwp%2Fv2%2Ftags&post=70168"}],"curies":[{"name":"wp","href":"https:\/\/api.w.org\/{rel}","templated":true}]}}