{"id":70228,"date":"2025-08-20T13:15:11","date_gmt":"2025-08-20T19:15:11","guid":{"rendered":"https:\/\/encuentroinformativo.com.mx\/?p=70228"},"modified":"2025-08-20T13:19:11","modified_gmt":"2025-08-20T19:19:11","slug":"hospitalizado-policia-que-frustro-robo-de-auto-y-fue-baleado-por-asaltantes","status":"publish","type":"post","link":"https:\/\/encuentroinformativo.com.mx\/?p=70228","title":{"rendered":"Hospitalizado polic\u00eda que frustr\u00f3 robo de auto y fue baleado por asaltantes"},"content":{"rendered":"<p><strong>Alejandro \u00c1vila<\/strong><\/p>\n<p>Poza Rica, Ver.- Un elemento de la Polic\u00eda Estatal se encuentra hospitalizado en Poza Rica tras haber sido baleado por asaltantes, luego de que el uniformado y su compa\u00f1ero frustraran el robo de un veh\u00edculo.<\/p>\n<p>Los hechos ocurrieron la noche de este martes 19 de agosto en la colonia L\u00e1zaro C\u00e1rdenas justo afuera de la tienda Elektra, cuando dos sujetos con armas de fuego intentaron despojar a una familia de su veh\u00edculo.<\/p>\n<p>Elementos motorizados de la polic\u00eda Estatal, al percatarse del hecho, intervinieron para evitar el robo, siendo recibidos a balazos. Uno de los uniformados recibi\u00f3 un impacto en la clav\u00edcula izquierda, mientras que su compa\u00f1ero respondi\u00f3 con disparos que lograron impactar el veh\u00edculo de los agresores.<\/p>\n<p>Los delincuentes huyeron r\u00e1pidamente por la calle Michoac\u00e1n con rumbo hacia el fraccionamiento Los Laureles. Horas m\u00e1s tarde, el veh\u00edculo implicado fue localizado abandonado a un costado del campo Delio S\u00e1nchez, en la colonia M\u00e9xico.<\/p>\n<p>Este violento hecho provoc\u00f3 una fuerte movilizaci\u00f3n policiaca en diversos puntos de la ciudad. Se report\u00f3 que los agresores colocaron ponchallantas sobre el distribuidor vial y en las salidas de Poza Rica con la intenci\u00f3n de obstaculizar la persecuci\u00f3n policial y despistar a las autoridades.<\/p>\n","protected":false},"excerpt":{"rendered":"<p>Alejandro \u00c1vila Poza Rica, Ver.- Un elemento de la Polic\u00eda Estatal se encuentra hospitalizado en Poza Rica tras haber sido baleado por asaltantes, luego de que el uniformado y su compa\u00f1ero frustraran el robo de un veh\u00edculo. Los hechos ocurrieron la noche de este martes 19 de agosto en la colonia L\u00e1zaro C\u00e1rdenas justo afuera [&hellip;]<\/p>\n","protected":false},"author":2476,"featured_media":70233,"comment_status":"open","ping_status":"open","sticky":false,"template":"","format":"standard","meta":{"_jetpack_memberships_contains_paid_content":false,"footnotes":""},"categories":[14],"tags":[],"class_list":["post-70228","post","type-post","status-publish","format-standard","has-post-thumbnail","hentry","category-policiaca"],"jetpack_featured_media_url":"https:\/\/encuentroinformativo.com.mx\/wp-content\/uploads\/2025\/08\/IMG_20250820_131826_1300_x_1080_pixel.jpg","jetpack_sharing_enabled":true,"jetpack_likes_enabled":true,"amp_enabled":true,"_links":{"self":[{"href":"https:\/\/encuentroinformativo.com.mx\/index.php?rest_route=\/wp\/v2\/posts\/70228","targetHints":{"allow":["GET"]}}],"collection":[{"href":"https:\/\/encuentroinformativo.com.mx\/index.php?rest_route=\/wp\/v2\/posts"}],"about":[{"href":"https:\/\/encuentroinformativo.com.mx\/index.php?rest_route=\/wp\/v2\/types\/post"}],"author":[{"embeddable":true,"href":"https:\/\/encuentroinformativo.com.mx\/index.php?rest_route=\/wp\/v2\/users\/2476"}],"replies":[{"embeddable":true,"href":"https:\/\/encuentroinformativo.com.mx\/index.php?rest_route=%2Fwp%2Fv2%2Fcomments&post=70228"}],"version-history":[{"count":2,"href":"https:\/\/encuentroinformativo.com.mx\/index.php?rest_route=\/wp\/v2\/posts\/70228\/revisions"}],"predecessor-version":[{"id":70234,"href":"https:\/\/encuentroinformativo.com.mx\/index.php?rest_route=\/wp\/v2\/posts\/70228\/revisions\/70234"}],"wp:featuredmedia":[{"embeddable":true,"href":"https:\/\/encuentroinformativo.com.mx\/index.php?rest_route=\/wp\/v2\/media\/70233"}],"wp:attachment":[{"href":"https:\/\/encuentroinformativo.com.mx\/index.php?rest_route=%2Fwp%2Fv2%2Fmedia&parent=70228"}],"wp:term":[{"taxonomy":"category","embeddable":true,"href":"https:\/\/encuentroinformativo.com.mx\/index.php?rest_route=%2Fwp%2Fv2%2Fcategories&post=70228"},{"taxonomy":"post_tag","embeddable":true,"href":"https:\/\/encuentroinformativo.com.mx\/index.php?rest_route=%2Fwp%2Fv2%2Ftags&post=70228"}],"curies":[{"name":"wp","href":"https:\/\/api.w.org\/{rel}","templated":true}]}}