{"id":70245,"date":"2025-08-20T15:06:43","date_gmt":"2025-08-20T21:06:43","guid":{"rendered":"https:\/\/encuentroinformativo.com.mx\/?p=70245"},"modified":"2025-08-20T15:06:43","modified_gmt":"2025-08-20T21:06:43","slug":"se-deslinda-alcalde-de-panuco-de-desaparicion-de-periodista","status":"publish","type":"post","link":"https:\/\/encuentroinformativo.com.mx\/?p=70245","title":{"rendered":"Se deslinda alcalde de P\u00e1nuco de desaparici\u00f3n de periodista"},"content":{"rendered":"<p><strong>Dar\u00edo Pale<\/strong><\/p>\n<p>Xalapa, Ver.- El alcalde de P\u00e1nuco, Oscar Guzm\u00e1n de Paz dio a conocer que, sobre la desaparici\u00f3n del periodista Miguel \u00c1ngel Anaya Castillo desde el 13 de abril pasado, director de P\u00e1nuco Online, quien habr\u00eda denunciado haber recibido amenazas por parte del edil, el presidente municipal rechaz\u00f3 las acusaciones.<\/p>\n<p>En ese sentido, dijo que ser\u00e1 la Fiscal\u00eda General del Estado quien brinde informaci\u00f3n sobre lo ocurrido.<\/p>\n<p>&#8220;Eso es totalmente mentira, vil mentira que fue amenazado, desconozco, tienen que verlo con la Fiscal\u00eda. Cualquiera puede se\u00f1alar a alguien, pero no es nuestra pol\u00edtica ni la forma de trabajar&#8221;, agreg\u00f3.<\/p>\n<p>Incluso se\u00f1al\u00f3 que desde el inicio de su gesti\u00f3n hay un P\u00e1nuco &#8220;diferente, hay un P\u00e1nuco calmado, en paz, orden y tranquilidad, utilicen la l\u00f3gica \u00bfpor qu\u00e9 habr\u00eda que hacer eso?&#8221;.<\/p>\n<p>En otro orden de ideas, aclar\u00f3 que el dron observado el pasado domingo en el parque Desiderio Pav\u00f3n de aquella ciudad corresponde a un artefacto propiedad de una empresa particular contratada por el municipio para ubicar una estaci\u00f3n meteorol\u00f3gica.<\/p>\n<p>Y es que testigos se\u00f1alaron que, la noche del domingo 17 de agosto, un dron fue visto a baja altura sobrevolando la zona centro de aquella cabecera, lo cual desat\u00f3 temor entre los habitantes ante el riesgo de un posible ataque.<\/p>\n<p>Sin embargo, en entrevista en la capital del estado, el edil afirm\u00f3 que dicho aparato sobrevol\u00f3 el centro de P\u00e1nuco con fines de captura de informaci\u00f3n, bajo control de la empresa.<\/p>\n<p>&#8220;Si hubo m\u00e1s drones desconozco, pero los drones estuvieron s\u00e1bado, domingo y lunes no nada m\u00e1s en la cabecera sino en las comunidades aleda\u00f1as buscando el punto de ubicaci\u00f3n de una estaci\u00f3n meteorol\u00f3gica y eso nos dio como conclusi\u00f3n tres puntos donde se puede instalar la estaci\u00f3n&#8221;, a\u00f1adi\u00f3.<\/p>\n<p>Record\u00f3 que como ayuntamiento solicit\u00f3 el ajuste de las tarifas el\u00e9ctricas debido a las altas temperaturas all\u00ed registradas, y ello implicaba la instalaci\u00f3n de una estaci\u00f3n meteorol\u00f3gica en un nuevo punto de la localidad, estudio para el cual se requiri\u00f3 del dron.<\/p>\n<p>\u201cPero precisamente el domingo fue esa empresa a sobrevolar el municipio de P\u00e1nuco, en especial la cabecera municipal, el centro, para ubicar una estaci\u00f3n meteorol\u00f3gica que va a tener funcionamiento 30 d\u00edas y es una estaci\u00f3n para corroborar que todo lo que hemos hecho en casi 3 a\u00f1os del monitoreo de la nueva temperatura coincide con la nueva prueba\u201d.<\/p>\n<p>Se\u00f1al\u00f3 que los drones en cuesti\u00f3n volaron los d\u00edas s\u00e1bado, domingo y lunes con el prop\u00f3sito de determinar el mejor punto para instalar los m\u00f3dulos de informaci\u00f3n del tiempo.<\/p>\n<p>&#8220;Nosotros como gobierno municipal estamos haciendo una gesti\u00f3n en relaci\u00f3n a las temperaturas por el hecho de la tarifa el\u00e9ctrica, todo a la redonda de nuestro municipio, los municipios vecinos tienen una tarifa el\u00e9ctrica menos, la 1c y nosotros la 1b, hemos encontrado y verificamos cu\u00e1l es la falla&#8221;.<\/p>\n<p>A su decir, el problema ven\u00eda de una estaci\u00f3n meteorol\u00f3gica ubicada en un punto donde le da sombra toda la tarde y que no da el resultado que realmente existe en el ambiente.<\/p>\n<p>&#8220;Pedimos a Conagua que se hiciera una reubicaci\u00f3n de otra estaci\u00f3n meteorol\u00f3gica, se instal\u00f3 otra estaci\u00f3n meteorol\u00f3gica y en ese proceso precisamente ahorita estamos, contratando una empresa para estaci\u00f3n espejo para el tema de la tarifa el\u00e9ctrica&#8221;.<\/p>\n<p>En lo que se refiere a la seguridad dijo que, \u201cla de la polic\u00eda y la seguridad p\u00fablica en todos los \u00e1mbitos estatal federal y municipal, est\u00e1n trabajando de manera coordinada muy bien, toda la sociedad y los ciudadanos trabajando contentos en emprendimiento, en trabajo, en oportunidad de inversi\u00f3n y es un P\u00e1nuco creciente, es un P\u00e1nuco que hoy se vive, se goza, se baila, se invierte y que est\u00e1 puesto y dispuesto para el crecimiento de todos\u201d.<\/p>\n<p>\u201cEst\u00e1n invirtiendo de car\u00e1cter federal, la carretera P\u00e1nuco-Tempoal, que nuestra gran gobernadora, Roc\u00edo Nahle Garc\u00eda ha tenido a bien por un hecho hist\u00f3rico que de m\u00e1s de 50 a\u00f1os que esa carretera ha sido un clamor el que se mejore y hoy ella est\u00e1 haciendo historia con esto\u201d, coment\u00f3.<\/p>\n<p>Finalmente se\u00f1alo que, \u201cla queja es de m\u00e1s de 50 a\u00f1os gobiernos pasados que no han invertido, que no invirtieron en su momento y que pues en esta ocasi\u00f3n llega una gobernadora con todo el deseo del amor a Veracruz y sobre todo una determinaci\u00f3n y arranca la reconstrucci\u00f3n pues de todo el norte y no de todo el norte de gran parte del estado de un hablar de mil kil\u00f3metros de estar reparando, reconstruyendo, modernizando no son palabras menores, son palabras mayores, son palabras que jam\u00e1s en la historia un gobernador a tan solo siete o ocho meses de haber entrado en turno estuviera haciendo estas inversiones eso es lo que es un Veracruz que hoy s\u00ed tiene un gobernante que ama y quiere su pueblo\u201d.<\/p>\n","protected":false},"excerpt":{"rendered":"<p>Dar\u00edo Pale Xalapa, Ver.- El alcalde de P\u00e1nuco, Oscar Guzm\u00e1n de Paz dio a conocer que, sobre la desaparici\u00f3n del periodista Miguel \u00c1ngel Anaya Castillo desde el 13 de abril pasado, director de P\u00e1nuco Online, quien habr\u00eda denunciado haber recibido amenazas por parte del edil, el presidente municipal rechaz\u00f3 las acusaciones. En ese sentido, dijo [&hellip;]<\/p>\n","protected":false},"author":2476,"featured_media":70246,"comment_status":"open","ping_status":"open","sticky":false,"template":"","format":"standard","meta":{"_jetpack_memberships_contains_paid_content":false,"footnotes":""},"categories":[2],"tags":[],"class_list":["post-70245","post","type-post","status-publish","format-standard","has-post-thumbnail","hentry","category-estado"],"jetpack_featured_media_url":"https:\/\/encuentroinformativo.com.mx\/wp-content\/uploads\/2025\/08\/IMG-20250820-WA0308.jpg","jetpack_sharing_enabled":true,"jetpack_likes_enabled":true,"amp_enabled":true,"_links":{"self":[{"href":"https:\/\/encuentroinformativo.com.mx\/index.php?rest_route=\/wp\/v2\/posts\/70245","targetHints":{"allow":["GET"]}}],"collection":[{"href":"https:\/\/encuentroinformativo.com.mx\/index.php?rest_route=\/wp\/v2\/posts"}],"about":[{"href":"https:\/\/encuentroinformativo.com.mx\/index.php?rest_route=\/wp\/v2\/types\/post"}],"author":[{"embeddable":true,"href":"https:\/\/encuentroinformativo.com.mx\/index.php?rest_route=\/wp\/v2\/users\/2476"}],"replies":[{"embeddable":true,"href":"https:\/\/encuentroinformativo.com.mx\/index.php?rest_route=%2Fwp%2Fv2%2Fcomments&post=70245"}],"version-history":[{"count":2,"href":"https:\/\/encuentroinformativo.com.mx\/index.php?rest_route=\/wp\/v2\/posts\/70245\/revisions"}],"predecessor-version":[{"id":70248,"href":"https:\/\/encuentroinformativo.com.mx\/index.php?rest_route=\/wp\/v2\/posts\/70245\/revisions\/70248"}],"wp:featuredmedia":[{"embeddable":true,"href":"https:\/\/encuentroinformativo.com.mx\/index.php?rest_route=\/wp\/v2\/media\/70246"}],"wp:attachment":[{"href":"https:\/\/encuentroinformativo.com.mx\/index.php?rest_route=%2Fwp%2Fv2%2Fmedia&parent=70245"}],"wp:term":[{"taxonomy":"category","embeddable":true,"href":"https:\/\/encuentroinformativo.com.mx\/index.php?rest_route=%2Fwp%2Fv2%2Fcategories&post=70245"},{"taxonomy":"post_tag","embeddable":true,"href":"https:\/\/encuentroinformativo.com.mx\/index.php?rest_route=%2Fwp%2Fv2%2Ftags&post=70245"}],"curies":[{"name":"wp","href":"https:\/\/api.w.org\/{rel}","templated":true}]}}