{"id":70252,"date":"2025-08-20T18:50:49","date_gmt":"2025-08-21T00:50:49","guid":{"rendered":"https:\/\/encuentroinformativo.com.mx\/?p=70252"},"modified":"2025-08-20T18:50:49","modified_gmt":"2025-08-21T00:50:49","slug":"en-gobierno-de-trump-han-deportado-mas-de-4-mil-veracruzanos","status":"publish","type":"post","link":"https:\/\/encuentroinformativo.com.mx\/?p=70252","title":{"rendered":"En gobierno de Trump han deportado m\u00e1s de 4 mil veracruzanos"},"content":{"rendered":"<p><strong>Dar\u00edo Pale<\/strong><\/p>\n<p>Xalapa, Ver.- David Cancino Dom\u00ednguez director de Casa Veracruz en Los \u00c1ngeles California, dio a conocer que van 4 mil 300 veracruzanos deportados desde que inici\u00f3 el gobierno del presidente de Estados Unidos Donald Trump ha realizar las deportaciones y el 80 por ciento de los veracruzanos son indocumentados.<\/p>\n<p>Se\u00f1al\u00f3 que la Casa Veracruz est\u00e1 apoyando a los inmigrantes veracruzanos, tomando en cuenta la situaci\u00f3n que est\u00e1n viviendo de las deportaciones, persecuciones que est\u00e1n padeciendo en Estados Unidos, ya que lamentablemente el 80 por ciento de los veracruzanos son indocumentados.<\/p>\n<p>\u201cLo que nosotros estamos haciendo por medio de abogados les estamos dando asesor\u00eda para que ellos puedan, los que tengan alg\u00fan caso que puedan pelear en la corte, puedan quedarse, estamos siendo apoyados por la presidenta Claudia Sheinbaum, por medio de los consulados, hay unas partidas de dinero para apoyar a las y a los migrantes\u201d, se\u00f1al\u00f3.<\/p>\n<p>\u201cTambi\u00e9n el gobierno del estado de aqu\u00ed, la ingeniero Roc\u00edo Nahle ha apoyado mucho para que por medio de la direcci\u00f3n de Atenci\u00f3n a Migrantes, pues se les d\u00e9 el apoyo que se requiera, tenemos una cifra de 4 mil 300 veracruzanos deportados, desde que empez\u00f3 Donald Trump a hacer la deportaci\u00f3n en todo el pa\u00eds\u201d, agreg\u00f3.<\/p>\n<p>Finalmente dio a conocer que son de varios municipios del estado los que est\u00e1n deportando entre ellos, Orizaba, La Perla, Los Tuxtla Mario Fabio Altamirano entre otros.<\/p>\n","protected":false},"excerpt":{"rendered":"<p>Dar\u00edo Pale Xalapa, Ver.- David Cancino Dom\u00ednguez director de Casa Veracruz en Los \u00c1ngeles California, dio a conocer que van 4 mil 300 veracruzanos deportados desde que inici\u00f3 el gobierno del presidente de Estados Unidos Donald Trump ha realizar las deportaciones y el 80 por ciento de los veracruzanos son indocumentados. Se\u00f1al\u00f3 que la Casa [&hellip;]<\/p>\n","protected":false},"author":2476,"featured_media":70253,"comment_status":"open","ping_status":"open","sticky":false,"template":"","format":"standard","meta":{"_jetpack_memberships_contains_paid_content":false,"footnotes":""},"categories":[2,13],"tags":[],"class_list":["post-70252","post","type-post","status-publish","format-standard","has-post-thumbnail","hentry","category-estado","category-internacional"],"jetpack_featured_media_url":"https:\/\/encuentroinformativo.com.mx\/wp-content\/uploads\/2025\/08\/IMG-20250820-WA0381.jpg","jetpack_sharing_enabled":true,"jetpack_likes_enabled":true,"amp_enabled":true,"_links":{"self":[{"href":"https:\/\/encuentroinformativo.com.mx\/index.php?rest_route=\/wp\/v2\/posts\/70252","targetHints":{"allow":["GET"]}}],"collection":[{"href":"https:\/\/encuentroinformativo.com.mx\/index.php?rest_route=\/wp\/v2\/posts"}],"about":[{"href":"https:\/\/encuentroinformativo.com.mx\/index.php?rest_route=\/wp\/v2\/types\/post"}],"author":[{"embeddable":true,"href":"https:\/\/encuentroinformativo.com.mx\/index.php?rest_route=\/wp\/v2\/users\/2476"}],"replies":[{"embeddable":true,"href":"https:\/\/encuentroinformativo.com.mx\/index.php?rest_route=%2Fwp%2Fv2%2Fcomments&post=70252"}],"version-history":[{"count":1,"href":"https:\/\/encuentroinformativo.com.mx\/index.php?rest_route=\/wp\/v2\/posts\/70252\/revisions"}],"predecessor-version":[{"id":70254,"href":"https:\/\/encuentroinformativo.com.mx\/index.php?rest_route=\/wp\/v2\/posts\/70252\/revisions\/70254"}],"wp:featuredmedia":[{"embeddable":true,"href":"https:\/\/encuentroinformativo.com.mx\/index.php?rest_route=\/wp\/v2\/media\/70253"}],"wp:attachment":[{"href":"https:\/\/encuentroinformativo.com.mx\/index.php?rest_route=%2Fwp%2Fv2%2Fmedia&parent=70252"}],"wp:term":[{"taxonomy":"category","embeddable":true,"href":"https:\/\/encuentroinformativo.com.mx\/index.php?rest_route=%2Fwp%2Fv2%2Fcategories&post=70252"},{"taxonomy":"post_tag","embeddable":true,"href":"https:\/\/encuentroinformativo.com.mx\/index.php?rest_route=%2Fwp%2Fv2%2Ftags&post=70252"}],"curies":[{"name":"wp","href":"https:\/\/api.w.org\/{rel}","templated":true}]}}