{"id":70264,"date":"2025-08-21T12:10:23","date_gmt":"2025-08-21T18:10:23","guid":{"rendered":"https:\/\/encuentroinformativo.com.mx\/?p=70264"},"modified":"2025-08-21T12:10:23","modified_gmt":"2025-08-21T18:10:23","slug":"van-mas-de-30-denuncias-contra-financiera-de-autos-en-el-puerto-profeco","status":"publish","type":"post","link":"https:\/\/encuentroinformativo.com.mx\/?p=70264","title":{"rendered":"Van m\u00e1s de 30 denuncias contra financiera de autos en el puerto: PROFECO\u00a0"},"content":{"rendered":"<p><strong>Alejandro \u00c1vila<\/strong><\/p>\n<p>Veracruz, Ver. &#8211; La Procuradur\u00eda Federal del Consumidor (Profeco) en la regi\u00f3n Golfo Centro report\u00f3 al menos 30 denuncias contra la empresa Financiera Autos del Golfo, se\u00f1alada por presuntos fraudes en la venta de veh\u00edculos.<\/p>\n<p>El titular de la dependencia, Marcos Castillo L\u00f3pez, inform\u00f3 que los casos ya est\u00e1n en tr\u00e1mite y record\u00f3 que corresponde a la Fiscal\u00eda realizar la investigaci\u00f3n.<\/p>\n<p>Mencion\u00f3 que la mayor\u00eda de los afectados exige la devoluci\u00f3n de su dinero.<\/p>\n<p>&#8220;Nosotros no investigamos, atendemos quejas y denuncias. El asunto est\u00e1 ya en la Fiscal\u00eda&#8221;.<\/p>\n<p>El funcionario federal, hizo un llamado a los consumidores verificar los contratos, adem\u00e1s de siempre confirmar que la empresa est\u00e9 registrada ante el SAT y desconfiar de ofertas poco realistas.<\/p>\n<p>Cabe recordar que a principios de esta semana, clientes inconformes de dicha Financiera se manifestaron en la sucursal de Plaza Cristal, en Veracruz, denunciando pagos de entre 90 mil y 200 mil pesos sin recibir los autom\u00f3viles prometidos.<\/p>\n","protected":false},"excerpt":{"rendered":"<p>Alejandro \u00c1vila Veracruz, Ver. &#8211; La Procuradur\u00eda Federal del Consumidor (Profeco) en la regi\u00f3n Golfo Centro report\u00f3 al menos 30 denuncias contra la empresa Financiera Autos del Golfo, se\u00f1alada por presuntos fraudes en la venta de veh\u00edculos. El titular de la dependencia, Marcos Castillo L\u00f3pez, inform\u00f3 que los casos ya est\u00e1n en tr\u00e1mite y record\u00f3 [&hellip;]<\/p>\n","protected":false},"author":2476,"featured_media":70265,"comment_status":"open","ping_status":"open","sticky":false,"template":"","format":"standard","meta":{"_jetpack_memberships_contains_paid_content":false,"footnotes":""},"categories":[2],"tags":[],"class_list":["post-70264","post","type-post","status-publish","format-standard","has-post-thumbnail","hentry","category-estado"],"jetpack_featured_media_url":"https:\/\/encuentroinformativo.com.mx\/wp-content\/uploads\/2025\/08\/IMG-20250821-WA0128.jpg","jetpack_sharing_enabled":true,"jetpack_likes_enabled":true,"amp_enabled":true,"_links":{"self":[{"href":"https:\/\/encuentroinformativo.com.mx\/index.php?rest_route=\/wp\/v2\/posts\/70264","targetHints":{"allow":["GET"]}}],"collection":[{"href":"https:\/\/encuentroinformativo.com.mx\/index.php?rest_route=\/wp\/v2\/posts"}],"about":[{"href":"https:\/\/encuentroinformativo.com.mx\/index.php?rest_route=\/wp\/v2\/types\/post"}],"author":[{"embeddable":true,"href":"https:\/\/encuentroinformativo.com.mx\/index.php?rest_route=\/wp\/v2\/users\/2476"}],"replies":[{"embeddable":true,"href":"https:\/\/encuentroinformativo.com.mx\/index.php?rest_route=%2Fwp%2Fv2%2Fcomments&post=70264"}],"version-history":[{"count":1,"href":"https:\/\/encuentroinformativo.com.mx\/index.php?rest_route=\/wp\/v2\/posts\/70264\/revisions"}],"predecessor-version":[{"id":70266,"href":"https:\/\/encuentroinformativo.com.mx\/index.php?rest_route=\/wp\/v2\/posts\/70264\/revisions\/70266"}],"wp:featuredmedia":[{"embeddable":true,"href":"https:\/\/encuentroinformativo.com.mx\/index.php?rest_route=\/wp\/v2\/media\/70265"}],"wp:attachment":[{"href":"https:\/\/encuentroinformativo.com.mx\/index.php?rest_route=%2Fwp%2Fv2%2Fmedia&parent=70264"}],"wp:term":[{"taxonomy":"category","embeddable":true,"href":"https:\/\/encuentroinformativo.com.mx\/index.php?rest_route=%2Fwp%2Fv2%2Fcategories&post=70264"},{"taxonomy":"post_tag","embeddable":true,"href":"https:\/\/encuentroinformativo.com.mx\/index.php?rest_route=%2Fwp%2Fv2%2Ftags&post=70264"}],"curies":[{"name":"wp","href":"https:\/\/api.w.org\/{rel}","templated":true}]}}