{"id":70276,"date":"2025-08-21T14:38:12","date_gmt":"2025-08-21T20:38:12","guid":{"rendered":"https:\/\/encuentroinformativo.com.mx\/?p=70276"},"modified":"2025-08-21T14:38:12","modified_gmt":"2025-08-21T20:38:12","slug":"buscan-a-menor-originario-de-tlacolulan-desaparecio-al-viajar-a-xalapa","status":"publish","type":"post","link":"https:\/\/encuentroinformativo.com.mx\/?p=70276","title":{"rendered":"Buscan a menor originario de Tlacolulan, desapareci\u00f3 al viajar a Xalapa"},"content":{"rendered":"<p><strong>Dar\u00edo Pale<\/strong><\/p>\n<p>Xalapa, Ver.- Amigos y voluntarios colocaron carteles, del ni\u00f1o Jos\u00e9 Fernando Juan Duran en diferentes puntos de la ciudad para dar con su paradero ya que desde el pasado 13 de agosto no saben nada de \u00e9l.<\/p>\n<p>Se\u00f1alaron que han colocado carteles en P\u00edpila, Avenida Xalapa, en la Rotonda, en la salida a Pacho Viejo, Los Sauces y en esta ocasi\u00f3n frente al Hospital Civil, son cinco personas voluntarias las que andan haciendo esta labor y continuar\u00e1n colocando en m\u00e1s lugares.<\/p>\n<p>Dieron a conocer que son de la comunidad de Cojolite del municipio de Tlacolulan, ya que mandaron al menor a un mandado a Xalapa y no regres\u00f3 a su casa, esto pas\u00f3 el mi\u00e9rcoles y tiene 13 a\u00f1os, lo hab\u00edan mandado a comprar v\u00edveres en autob\u00fas pero ya no regres\u00f3.<\/p>\n<p>Seg\u00fan algunos comentarios lo vieron por \u00faltima vez en la terminal de los Banderilla en la calle de P\u00edpila, y desde entonces no cuentan con m\u00e1s informaci\u00f3n, y continuar\u00e1n colocando m\u00e1s carteles en otros lugares con la foto y los datos del menor.<\/p>\n","protected":false},"excerpt":{"rendered":"<p>Dar\u00edo Pale Xalapa, Ver.- Amigos y voluntarios colocaron carteles, del ni\u00f1o Jos\u00e9 Fernando Juan Duran en diferentes puntos de la ciudad para dar con su paradero ya que desde el pasado 13 de agosto no saben nada de \u00e9l. Se\u00f1alaron que han colocado carteles en P\u00edpila, Avenida Xalapa, en la Rotonda, en la salida a [&hellip;]<\/p>\n","protected":false},"author":2476,"featured_media":70277,"comment_status":"open","ping_status":"open","sticky":false,"template":"","format":"standard","meta":{"_jetpack_memberships_contains_paid_content":false,"footnotes":""},"categories":[8],"tags":[],"class_list":["post-70276","post","type-post","status-publish","format-standard","has-post-thumbnail","hentry","category-region"],"jetpack_featured_media_url":"https:\/\/encuentroinformativo.com.mx\/wp-content\/uploads\/2025\/08\/IMG-20250821-WA0163.jpg","jetpack_sharing_enabled":true,"jetpack_likes_enabled":true,"amp_enabled":true,"_links":{"self":[{"href":"https:\/\/encuentroinformativo.com.mx\/index.php?rest_route=\/wp\/v2\/posts\/70276","targetHints":{"allow":["GET"]}}],"collection":[{"href":"https:\/\/encuentroinformativo.com.mx\/index.php?rest_route=\/wp\/v2\/posts"}],"about":[{"href":"https:\/\/encuentroinformativo.com.mx\/index.php?rest_route=\/wp\/v2\/types\/post"}],"author":[{"embeddable":true,"href":"https:\/\/encuentroinformativo.com.mx\/index.php?rest_route=\/wp\/v2\/users\/2476"}],"replies":[{"embeddable":true,"href":"https:\/\/encuentroinformativo.com.mx\/index.php?rest_route=%2Fwp%2Fv2%2Fcomments&post=70276"}],"version-history":[{"count":1,"href":"https:\/\/encuentroinformativo.com.mx\/index.php?rest_route=\/wp\/v2\/posts\/70276\/revisions"}],"predecessor-version":[{"id":70278,"href":"https:\/\/encuentroinformativo.com.mx\/index.php?rest_route=\/wp\/v2\/posts\/70276\/revisions\/70278"}],"wp:featuredmedia":[{"embeddable":true,"href":"https:\/\/encuentroinformativo.com.mx\/index.php?rest_route=\/wp\/v2\/media\/70277"}],"wp:attachment":[{"href":"https:\/\/encuentroinformativo.com.mx\/index.php?rest_route=%2Fwp%2Fv2%2Fmedia&parent=70276"}],"wp:term":[{"taxonomy":"category","embeddable":true,"href":"https:\/\/encuentroinformativo.com.mx\/index.php?rest_route=%2Fwp%2Fv2%2Fcategories&post=70276"},{"taxonomy":"post_tag","embeddable":true,"href":"https:\/\/encuentroinformativo.com.mx\/index.php?rest_route=%2Fwp%2Fv2%2Ftags&post=70276"}],"curies":[{"name":"wp","href":"https:\/\/api.w.org\/{rel}","templated":true}]}}