{"id":7030,"date":"2020-10-18T15:37:41","date_gmt":"2020-10-18T20:37:41","guid":{"rendered":"https:\/\/encuentroinformativo.com.mx\/?p=7030"},"modified":"2020-10-18T15:37:44","modified_gmt":"2020-10-18T20:37:44","slug":"regiomontano-continua-con-experiencia-en-el-pico-de-orizaba","status":"publish","type":"post","link":"https:\/\/encuentroinformativo.com.mx\/?p=7030","title":{"rendered":"Regiomontano contin\u00faa con experiencia en el Pico de Orizaba"},"content":{"rendered":"\n<p><strong>Juan Arcos <\/strong><\/p>\n\n\n\n<p>Xalapa, Ver.- El monta\u00f1ista David Villarreal vive desde hace 18 d\u00edas en el volc\u00e1n Citl\u00e1ltepetl, mejor conocido como Pico de Orizaba, ubicado en los l\u00edmites de los estados de Puebla y Veracruz.<\/p>\n\n\n\n<p>El joven, de 23 a\u00f1os, es oriundo de Monterrey, Nuevo Le\u00f3n, y busca admirar el paisaje y estar en contacto con la naturaleza, durante un mes.<\/p>\n\n\n\n<p>En sus redes sociales subi\u00f3 algunas fotograf\u00edas donde se plasma parte de su recorrido sobre la monta\u00f1a m\u00e1s alta de M\u00e9xico, a una altura de 5 mil 636 metros sobre el nivel del mar.<\/p>\n\n\n\n<p>El alpinista lleg\u00f3 a la cumbre del volc\u00e1n el pasado martes y, durante el jueves subi\u00f3 30 kilogramos de sus cosas al campamento donde se encuentra actualmente.<\/p>\n\n\n\n<p>El d\u00eda 1 de octubre sali\u00f3 de su ciudad natal a las cinco de la madrugada, para llegar a la cara norte del Pico de Orizaba a las cinco de la tarde y subir m\u00e1s de 5 mil metros, cargando varios kilogramos de equipo y comida.<\/p>\n\n\n\n<p>\u201cEn la monta\u00f1a se viven muchas cosas bonitas, paisajes, aire limpio, conexi\u00f3n con uno mismo y el entorno, de vez en cuando conocer gente monta\u00f1ista, entre otras cosas pero tambi\u00e9n retos como la altura\u201d, publica.<br>Tres d\u00edas despu\u00e9s, ingres\u00f3 a la zona del glaciar y comenz\u00f3 a sentir signos de \u201cmal de monta\u00f1a\u201d, un malestar f\u00edsico ocasionado por la dificultad para adaptarse a la baja presi\u00f3n del ox\u00edgeno a gran altitud.<\/p>\n\n\n\n<p>\u201cComo a 1\/3 del camino se me cay\u00f3 la \u00e1nfora en una secci\u00f3n empinada y se fue lejos. Por lo tanto, el resto del camino tuve que comer hielo y derretirlo en mi boca para hidratarme. Subir en glaciar con mal de monta\u00f1a es de las cosas m\u00e1s duras que he hecho\u201d.<\/p>\n\n\n\n<p>El joven regiomontano busca tener una experiencia \u00fanica, explorando la zona del glaciar, como parte de una satisfacci\u00f3n f\u00edsica y mental.<\/p>\n\n\n\n<p>Adem\u00e1s, se pasea sobre la cima del volc\u00e1n sin playera y se toma fotograf\u00edas para demostrar a sus seguidores que los l\u00edmites uno mismo los pone.<\/p>\n\n\n\n<p>Cabe recordar que la zona es peligrosa. En septiembre pasado, dos alpinistas, provenientes de Le\u00f3n, Guanajuato, sufrieron un accidente, donde un joven vio morir a su padre.<\/p>\n","protected":false},"excerpt":{"rendered":"<p>Juan Arcos Xalapa, Ver.- El monta\u00f1ista David Villarreal vive desde hace 18 d\u00edas en el volc\u00e1n Citl\u00e1ltepetl, mejor conocido como Pico de Orizaba, ubicado en los l\u00edmites de los estados de Puebla y Veracruz. El joven, de 23 a\u00f1os, es oriundo de Monterrey, Nuevo Le\u00f3n, y busca admirar el paisaje y estar en contacto con [&hellip;]<\/p>\n","protected":false},"author":1,"featured_media":7031,"comment_status":"open","ping_status":"open","sticky":false,"template":"","format":"standard","meta":{"_jetpack_memberships_contains_paid_content":false,"footnotes":""},"categories":[2],"tags":[],"class_list":["post-7030","post","type-post","status-publish","format-standard","has-post-thumbnail","hentry","category-estado"],"jetpack_featured_media_url":"https:\/\/encuentroinformativo.com.mx\/wp-content\/uploads\/2020\/10\/90EA8EA5-FDB2-4539-BB07-82BDE3B9A97C.jpeg","jetpack_sharing_enabled":true,"jetpack_likes_enabled":true,"amp_enabled":true,"_links":{"self":[{"href":"https:\/\/encuentroinformativo.com.mx\/index.php?rest_route=\/wp\/v2\/posts\/7030","targetHints":{"allow":["GET"]}}],"collection":[{"href":"https:\/\/encuentroinformativo.com.mx\/index.php?rest_route=\/wp\/v2\/posts"}],"about":[{"href":"https:\/\/encuentroinformativo.com.mx\/index.php?rest_route=\/wp\/v2\/types\/post"}],"author":[{"embeddable":true,"href":"https:\/\/encuentroinformativo.com.mx\/index.php?rest_route=\/wp\/v2\/users\/1"}],"replies":[{"embeddable":true,"href":"https:\/\/encuentroinformativo.com.mx\/index.php?rest_route=%2Fwp%2Fv2%2Fcomments&post=7030"}],"version-history":[{"count":1,"href":"https:\/\/encuentroinformativo.com.mx\/index.php?rest_route=\/wp\/v2\/posts\/7030\/revisions"}],"predecessor-version":[{"id":7032,"href":"https:\/\/encuentroinformativo.com.mx\/index.php?rest_route=\/wp\/v2\/posts\/7030\/revisions\/7032"}],"wp:featuredmedia":[{"embeddable":true,"href":"https:\/\/encuentroinformativo.com.mx\/index.php?rest_route=\/wp\/v2\/media\/7031"}],"wp:attachment":[{"href":"https:\/\/encuentroinformativo.com.mx\/index.php?rest_route=%2Fwp%2Fv2%2Fmedia&parent=7030"}],"wp:term":[{"taxonomy":"category","embeddable":true,"href":"https:\/\/encuentroinformativo.com.mx\/index.php?rest_route=%2Fwp%2Fv2%2Fcategories&post=7030"},{"taxonomy":"post_tag","embeddable":true,"href":"https:\/\/encuentroinformativo.com.mx\/index.php?rest_route=%2Fwp%2Fv2%2Ftags&post=7030"}],"curies":[{"name":"wp","href":"https:\/\/api.w.org\/{rel}","templated":true}]}}