{"id":70328,"date":"2025-08-23T15:26:44","date_gmt":"2025-08-23T21:26:44","guid":{"rendered":"https:\/\/encuentroinformativo.com.mx\/?p=70328"},"modified":"2025-08-23T15:26:44","modified_gmt":"2025-08-23T21:26:44","slug":"esperan-respuesta-a-reclasificacion-de-tarifas-electricas-en-veracruz","status":"publish","type":"post","link":"https:\/\/encuentroinformativo.com.mx\/?p=70328","title":{"rendered":"Esperan respuesta a reclasificaci\u00f3n de tarifas el\u00e9ctricas en Veracruz"},"content":{"rendered":"<p><strong>Dar\u00edo Pale<\/strong><\/p>\n<p>Xalapa, Ver.- Jorge Morales Barradas, Vocero del Movimiento de Resistencia Civil la leyenda de \u201cChucho el Roto\u201d en el Estado de Veracruz, dio a conocer que \u201clas personas empiezan ya a impacientar el por qu\u00e9 no hemos tenido la atenci\u00f3n y si en alg\u00fan momento estos sale de control, pues ser\u00e1 el pueblo que se va a manifestar\u201d.<\/p>\n<p>Dio a conocer que siguen con la lucha social por la reclasificaci\u00f3n de la tarifas el\u00e9ctricas, pero pareciera que tanto al senador Manuel Huerta como a los diputados federales que se comprometieron con el pueblo en las campa\u00f1as ya se les olvido la promesa que le hicieron al pueblo.<\/p>\n<p>\u201cSeguimos presentando esta gesti\u00f3n que es del pueblo y que en alg\u00fan momento el Gobierno Federal, tanto la C\u00e1mara de Diputados, la C\u00e1mara de Senadores y quien tenga que intervenir, bueno, se tendr\u00e1 que aprobar en favor del pueblo este tema, igual de la misma manera que en alg\u00fan momento se aprob\u00f3 en Tabasco\u201d, se\u00f1al\u00f3.<\/p>\n<p>\u201cDe la misma manera que se est\u00e1 gestionando en Campeche y en los estados del norte del pa\u00eds, que es la reclasificaci\u00f3n. Entonces aqu\u00ed en Veracruz creemos que esta raz\u00f3n que tiene el pueblo pues se debe de continuar para que en alg\u00fan momento sea una realidad\u201d, agreg\u00f3.<\/p>\n<p>De esta lucha ya tiene conocimiento la presidenta de M\u00e9xico y la gobernadora del estado, esperan que sea tomada en consideraci\u00f3n esta gesti\u00f3n del pueblo y que en alg\u00fan momento realmente tambi\u00e9n se haga este estudio de temperaturas aqu\u00ed en Veracruz.<\/p>\n<p>Record\u00f3 que el senador Manuel Huerta, \u201clo manifestado el a\u00f1o pasado hasta interrumpi\u00f3 por ah\u00ed una reuni\u00f3n, una asamblea, una sesi\u00f3n en la C\u00e1mara de Senadores para imponer ah\u00ed o interponer un punto de acuerdo, entonces pues habr\u00eda que preguntarle a \u00e9l c\u00f3mo va ese tema, en qu\u00e9 punto va y si realmente casi despu\u00e9s de un a\u00f1o se va a considerar de nueva cuenta para poderlo sacar adelante\u201d.<\/p>\n<p>\u201cTenemos otros senadores all\u00ed en la C\u00e1mara y tenemos muchos diputados del Estado de Veracruz que en alg\u00fan momento tambi\u00e9n manifestaron este tema en campa\u00f1a y que su voz no se escucha en el Congreso. Entonces yo considero que el pueblo en alg\u00fan momento va a recordar esta actitud, estas acciones, esto que se dijo a lo mejor en alg\u00fan momento en campa\u00f1a y que hoy ya siendo servidores p\u00fablicos y ya pudiendo realmente realizar una buena gesti\u00f3n para beneficiar a las familias de Veracruz, el porqu\u00e9 qu\u00e9 no se est\u00e1 haciendo\u201d, coment\u00f3.<\/p>\n<p>Finalmente se\u00f1al\u00f3 que en campa\u00f1a muchos diputados se fueron a tomar fotos en Laguna Verde y agarraron de bandera la lucha social y la reclasificaci\u00f3n de las tarifas el\u00e9ctricas, \u201choy muchos ciudadanos, te puedo decir, muchas familias pues est\u00e1n considerando por esta falta de empat\u00eda y esta falta de atenci\u00f3n, bueno pues en alg\u00fan momento pudieran manifestarse\u201d.<\/p>\n<p>\u201cYo he estado escuchando ya esas voces de muchas familias, de miles de familias de la zona donde no se le ha dado seguimiento a este tema, nosotros seguimos gestionando, pero bueno no se le ha dado seguimiento por algunos personajes que el d\u00eda de hoy pueden darle seguimiento y pueden tratar de realmente beneficiar al pueblo y las familias, los pueblos, las personas empiezan ya a impacientar el por qu\u00e9 no hemos tenido la atenci\u00f3n y si en alg\u00fan momento estos sale de control, pues ser\u00e1 el pueblo que se va a manifestar\u201d, concluy\u00f3.<\/p>\n","protected":false},"excerpt":{"rendered":"<p>Dar\u00edo Pale Xalapa, Ver.- Jorge Morales Barradas, Vocero del Movimiento de Resistencia Civil la leyenda de \u201cChucho el Roto\u201d en el Estado de Veracruz, dio a conocer que \u201clas personas empiezan ya a impacientar el por qu\u00e9 no hemos tenido la atenci\u00f3n y si en alg\u00fan momento estos sale de control, pues ser\u00e1 el pueblo [&hellip;]<\/p>\n","protected":false},"author":2476,"featured_media":70327,"comment_status":"open","ping_status":"open","sticky":false,"template":"","format":"standard","meta":{"_jetpack_memberships_contains_paid_content":false,"footnotes":""},"categories":[8],"tags":[],"class_list":["post-70328","post","type-post","status-publish","format-standard","has-post-thumbnail","hentry","category-region"],"jetpack_featured_media_url":"https:\/\/encuentroinformativo.com.mx\/wp-content\/uploads\/2025\/08\/IMG-20250823-WA0156.jpg","jetpack_sharing_enabled":true,"jetpack_likes_enabled":true,"amp_enabled":true,"_links":{"self":[{"href":"https:\/\/encuentroinformativo.com.mx\/index.php?rest_route=\/wp\/v2\/posts\/70328","targetHints":{"allow":["GET"]}}],"collection":[{"href":"https:\/\/encuentroinformativo.com.mx\/index.php?rest_route=\/wp\/v2\/posts"}],"about":[{"href":"https:\/\/encuentroinformativo.com.mx\/index.php?rest_route=\/wp\/v2\/types\/post"}],"author":[{"embeddable":true,"href":"https:\/\/encuentroinformativo.com.mx\/index.php?rest_route=\/wp\/v2\/users\/2476"}],"replies":[{"embeddable":true,"href":"https:\/\/encuentroinformativo.com.mx\/index.php?rest_route=%2Fwp%2Fv2%2Fcomments&post=70328"}],"version-history":[{"count":2,"href":"https:\/\/encuentroinformativo.com.mx\/index.php?rest_route=\/wp\/v2\/posts\/70328\/revisions"}],"predecessor-version":[{"id":70330,"href":"https:\/\/encuentroinformativo.com.mx\/index.php?rest_route=\/wp\/v2\/posts\/70328\/revisions\/70330"}],"wp:featuredmedia":[{"embeddable":true,"href":"https:\/\/encuentroinformativo.com.mx\/index.php?rest_route=\/wp\/v2\/media\/70327"}],"wp:attachment":[{"href":"https:\/\/encuentroinformativo.com.mx\/index.php?rest_route=%2Fwp%2Fv2%2Fmedia&parent=70328"}],"wp:term":[{"taxonomy":"category","embeddable":true,"href":"https:\/\/encuentroinformativo.com.mx\/index.php?rest_route=%2Fwp%2Fv2%2Fcategories&post=70328"},{"taxonomy":"post_tag","embeddable":true,"href":"https:\/\/encuentroinformativo.com.mx\/index.php?rest_route=%2Fwp%2Fv2%2Ftags&post=70328"}],"curies":[{"name":"wp","href":"https:\/\/api.w.org\/{rel}","templated":true}]}}