{"id":7033,"date":"2020-10-18T16:40:44","date_gmt":"2020-10-18T21:40:44","guid":{"rendered":"https:\/\/encuentroinformativo.com.mx\/?p=7033"},"modified":"2020-10-18T16:40:48","modified_gmt":"2020-10-18T21:40:48","slug":"animalistas-acusan-redada-de-perritos-en-tlacotalpan","status":"publish","type":"post","link":"https:\/\/encuentroinformativo.com.mx\/?p=7033","title":{"rendered":"Animalistas acusan redada de perritos en Tlacotalpan"},"content":{"rendered":"\n<p>Juan Arcos <\/p>\n\n\n\n<p>Xalapa, Ver.- Animalistas denunciaron que el ayuntamiento de Tlacotalpan realiza redadas de perros desde hace dos semanas en dicho lugar, ubicado al sureste del estado de Veracruz, dentro de los l\u00edmites de la Cuenca del Papaloapan.<\/p>\n\n\n\n<p>Integrantes de la Coalici\u00f3n de Activistas por los Derechos Animales en Veracruz circularon un desplegado en redes sociales, donde exigen al gobierno municipal que suspenda dicha actividad.<\/p>\n\n\n\n<p>De acuerdo con la Ley de Protecci\u00f3n a los Animales para el Estado de Veracruz, en esta entidad est\u00e1 prohibido hacer redadas de animales de compa\u00f1\u00eda.<\/p>\n\n\n\n<p>\u201cTlacotalpan viola la ley una vez m\u00e1s. Alcalde Christian Romero P\u00e9rez exigimos se suspendan las redadas y bajo la vigilancia de la sociedad civil se atienda a los perros que ilegalmente tomaron de las calles y mantienen cautivos en condiciones deplorables\u201d, es la postura de los defensores.<\/p>\n\n\n\n<p>Mencionaron que un total de 32 animales est\u00e1n resguardados en una unidad deportiva perteneciente al ayuntamiento, donde hay varios cuartos abandonados y donde los perros no reciben la atenci\u00f3n que requieren.<\/p>\n\n\n\n<p>\u201cLos perros se est\u00e1n adelgazando, en la noche pr\u00e1cticamente son devorados por los moscos, hay algunos perros que no conviven con otros por lo que ha habido pleitos entre ellos y honestamente, nadie sabe lo que va a pasar con estos animales\u201d, expresan los animalistas.<\/p>\n\n\n\n<p>A\u00f1adieron que la \u00fanica manera de reducir los perros y gatos en situaci\u00f3n de calle es esteriliz\u00e1ndolos, por ello, el municipio, antes que un refugio, necesita campa\u00f1as de esterilizaci\u00f3n seguras y gratuitas, campa\u00f1as de vacunaci\u00f3n y desparasitaci\u00f3n, as\u00ed como tambi\u00e9n, multas para los maltratadores y sobre todo, programas educacionales sobre el respeto a los animales.<\/p>\n\n\n\n<p>El Presidente Municipal, a trav\u00e9s de un mensaje en redes sociales, confirm\u00f3 que se lleva a cabo una redada, debido a las constantes quejas ciudadanas que hab\u00eda recibido el ayuntamiento por el gran n\u00famero de perros en situaci\u00f3n de calle.<\/p>\n\n\n\n<p>\u201cDesde hace m\u00e1s de 15 d\u00edas venimos habiendo un programa para poder resguardar a nuestros perros de la calle. Se hizo debido a las m\u00faltiples quejas que hemos recibido de la ciudadan\u00eda en el aspecto de que han tirado a personas que van en moto, de que han mordido a personas, por esas denuncias nosotros como autoridad tenemos que actuar, pero tenemos que actuar bien\u201d, expres\u00f3 Romero P\u00e9rez.<\/p>\n\n\n\n<p>El edil refiri\u00f3 que los animales son cuidados las 24 horas del d\u00eda y alimentados por personal del ayuntamiento de Tlacotalpan, para su bienestar.<\/p>\n\n\n\n<p>Adem\u00e1s, indic\u00f3 que m\u00e1s adelante ser\u00e1 anunciada una campa\u00f1a de adopci\u00f3n para que los animales cuenten con un hogar y que, hasta el momento, cuatro familias han adoptado a algunos de los perros.<\/p>\n\n\n\n<p>\u201cSe les foto y se hace un contrato, un convenio, de que si el perrito, est\u00e1 en la calle ser\u00e1 multado con 850 pesos, si el perrito vuelve a estar en la calle, tenemos la fotograf\u00edas tanto de la persona como del perrito para poderlos detectar, lo que queremos es que los perritos sean bien atendidos\u201d, agreg\u00f3.<\/p>\n","protected":false},"excerpt":{"rendered":"<p>Juan Arcos Xalapa, Ver.- Animalistas denunciaron que el ayuntamiento de Tlacotalpan realiza redadas de perros desde hace dos semanas en dicho lugar, ubicado al sureste del estado de Veracruz, dentro de los l\u00edmites de la Cuenca del Papaloapan. Integrantes de la Coalici\u00f3n de Activistas por los Derechos Animales en Veracruz circularon un desplegado en redes [&hellip;]<\/p>\n","protected":false},"author":1,"featured_media":7034,"comment_status":"open","ping_status":"open","sticky":false,"template":"","format":"standard","meta":{"_jetpack_memberships_contains_paid_content":false,"footnotes":""},"categories":[2],"tags":[],"class_list":["post-7033","post","type-post","status-publish","format-standard","has-post-thumbnail","hentry","category-estado"],"jetpack_featured_media_url":"https:\/\/encuentroinformativo.com.mx\/wp-content\/uploads\/2020\/10\/81F1D7BB-086B-40D9-9D59-30D89F445D94.jpeg","jetpack_sharing_enabled":true,"jetpack_likes_enabled":true,"amp_enabled":true,"_links":{"self":[{"href":"https:\/\/encuentroinformativo.com.mx\/index.php?rest_route=\/wp\/v2\/posts\/7033","targetHints":{"allow":["GET"]}}],"collection":[{"href":"https:\/\/encuentroinformativo.com.mx\/index.php?rest_route=\/wp\/v2\/posts"}],"about":[{"href":"https:\/\/encuentroinformativo.com.mx\/index.php?rest_route=\/wp\/v2\/types\/post"}],"author":[{"embeddable":true,"href":"https:\/\/encuentroinformativo.com.mx\/index.php?rest_route=\/wp\/v2\/users\/1"}],"replies":[{"embeddable":true,"href":"https:\/\/encuentroinformativo.com.mx\/index.php?rest_route=%2Fwp%2Fv2%2Fcomments&post=7033"}],"version-history":[{"count":1,"href":"https:\/\/encuentroinformativo.com.mx\/index.php?rest_route=\/wp\/v2\/posts\/7033\/revisions"}],"predecessor-version":[{"id":7035,"href":"https:\/\/encuentroinformativo.com.mx\/index.php?rest_route=\/wp\/v2\/posts\/7033\/revisions\/7035"}],"wp:featuredmedia":[{"embeddable":true,"href":"https:\/\/encuentroinformativo.com.mx\/index.php?rest_route=\/wp\/v2\/media\/7034"}],"wp:attachment":[{"href":"https:\/\/encuentroinformativo.com.mx\/index.php?rest_route=%2Fwp%2Fv2%2Fmedia&parent=7033"}],"wp:term":[{"taxonomy":"category","embeddable":true,"href":"https:\/\/encuentroinformativo.com.mx\/index.php?rest_route=%2Fwp%2Fv2%2Fcategories&post=7033"},{"taxonomy":"post_tag","embeddable":true,"href":"https:\/\/encuentroinformativo.com.mx\/index.php?rest_route=%2Fwp%2Fv2%2Ftags&post=7033"}],"curies":[{"name":"wp","href":"https:\/\/api.w.org\/{rel}","templated":true}]}}