{"id":70331,"date":"2025-08-24T14:53:58","date_gmt":"2025-08-24T20:53:58","guid":{"rendered":"https:\/\/encuentroinformativo.com.mx\/?p=70331"},"modified":"2025-08-24T14:53:58","modified_gmt":"2025-08-24T20:53:58","slug":"fatal-accidente-en-alvarado-deja-cinco-fallecidos","status":"publish","type":"post","link":"https:\/\/encuentroinformativo.com.mx\/?p=70331","title":{"rendered":"Fatal accidente en Alvarado, deja cinco fallecidos"},"content":{"rendered":"<p><strong>Alejandro \u00c1vila<\/strong><\/p>\n<p>Alvarado, Ver.- Un fatal accidente se suscit\u00f3 la ma\u00f1ana de este domingo 24 de agosto sobre la carretera federal 180 en el municipio de Alvarado.<\/p>\n<p>Los hechos ocurrieron alrededor de las 5:30 de la ma\u00f1ana a la altura de la localidad de Arbolillo, donde un autob\u00fas de la l\u00ednea Sotavento invadi\u00f3 carril e impact\u00f3 a un autom\u00f3vil Chevrolet Aveo color rojo con placas YJW-499-B.<\/p>\n<p>Los tripulantes del autom\u00f3vil fallecieron al instante, tras los trabajos del Cuerpo de Bomberos de Alvarado para liberar a las personas prensadas, el saldo del siniestro fue de cinco personas fallecidas, dos adultos y tres menores de edad (dos dos varones y una ni\u00f1a).<\/p>\n<p>El conductor del autob\u00fas de pasajes Sotavento y su cobrador huyeron del lugar, por lo que se encuentran las autoridades ministeriales en b\u00fasqueda de los responsables.<\/p>\n<p>Aproximadamente a las 9:30 de la ma\u00f1ana terminaron las labores de rescate por lo que la circulaci\u00f3n fue liberada en su totalidad.<\/p>\n<p><img loading=\"lazy\" decoding=\"async\" class=\"aligncenter size-medium wp-image-70333\" src=\"https:\/\/encuentroinformativo.com.mx\/wp-content\/uploads\/2025\/08\/IMG-20250824-WA0038-300x219.jpg\" alt=\"\" width=\"300\" height=\"219\" srcset=\"https:\/\/encuentroinformativo.com.mx\/wp-content\/uploads\/2025\/08\/IMG-20250824-WA0038-300x219.jpg 300w, https:\/\/encuentroinformativo.com.mx\/wp-content\/uploads\/2025\/08\/IMG-20250824-WA0038-1024x748.jpg 1024w, https:\/\/encuentroinformativo.com.mx\/wp-content\/uploads\/2025\/08\/IMG-20250824-WA0038-768x561.jpg 768w, https:\/\/encuentroinformativo.com.mx\/wp-content\/uploads\/2025\/08\/IMG-20250824-WA0038-1020x741.jpg 1020w, https:\/\/encuentroinformativo.com.mx\/wp-content\/uploads\/2025\/08\/IMG-20250824-WA0038-420x307.jpg 420w, https:\/\/encuentroinformativo.com.mx\/wp-content\/uploads\/2025\/08\/IMG-20250824-WA0038.jpg 1282w\" sizes=\"auto, (max-width: 300px) 100vw, 300px\" \/><\/p>\n","protected":false},"excerpt":{"rendered":"<p>Alejandro \u00c1vila Alvarado, Ver.- Un fatal accidente se suscit\u00f3 la ma\u00f1ana de este domingo 24 de agosto sobre la carretera federal 180 en el municipio de Alvarado. Los hechos ocurrieron alrededor de las 5:30 de la ma\u00f1ana a la altura de la localidad de Arbolillo, donde un autob\u00fas de la l\u00ednea Sotavento invadi\u00f3 carril e [&hellip;]<\/p>\n","protected":false},"author":2476,"featured_media":70332,"comment_status":"open","ping_status":"open","sticky":false,"template":"","format":"standard","meta":{"_jetpack_memberships_contains_paid_content":false,"footnotes":""},"categories":[2],"tags":[],"class_list":["post-70331","post","type-post","status-publish","format-standard","has-post-thumbnail","hentry","category-estado"],"jetpack_featured_media_url":"https:\/\/encuentroinformativo.com.mx\/wp-content\/uploads\/2025\/08\/IMG-20250824-WA0037.jpg","jetpack_sharing_enabled":true,"jetpack_likes_enabled":true,"amp_enabled":true,"_links":{"self":[{"href":"https:\/\/encuentroinformativo.com.mx\/index.php?rest_route=\/wp\/v2\/posts\/70331","targetHints":{"allow":["GET"]}}],"collection":[{"href":"https:\/\/encuentroinformativo.com.mx\/index.php?rest_route=\/wp\/v2\/posts"}],"about":[{"href":"https:\/\/encuentroinformativo.com.mx\/index.php?rest_route=\/wp\/v2\/types\/post"}],"author":[{"embeddable":true,"href":"https:\/\/encuentroinformativo.com.mx\/index.php?rest_route=\/wp\/v2\/users\/2476"}],"replies":[{"embeddable":true,"href":"https:\/\/encuentroinformativo.com.mx\/index.php?rest_route=%2Fwp%2Fv2%2Fcomments&post=70331"}],"version-history":[{"count":1,"href":"https:\/\/encuentroinformativo.com.mx\/index.php?rest_route=\/wp\/v2\/posts\/70331\/revisions"}],"predecessor-version":[{"id":70334,"href":"https:\/\/encuentroinformativo.com.mx\/index.php?rest_route=\/wp\/v2\/posts\/70331\/revisions\/70334"}],"wp:featuredmedia":[{"embeddable":true,"href":"https:\/\/encuentroinformativo.com.mx\/index.php?rest_route=\/wp\/v2\/media\/70332"}],"wp:attachment":[{"href":"https:\/\/encuentroinformativo.com.mx\/index.php?rest_route=%2Fwp%2Fv2%2Fmedia&parent=70331"}],"wp:term":[{"taxonomy":"category","embeddable":true,"href":"https:\/\/encuentroinformativo.com.mx\/index.php?rest_route=%2Fwp%2Fv2%2Fcategories&post=70331"},{"taxonomy":"post_tag","embeddable":true,"href":"https:\/\/encuentroinformativo.com.mx\/index.php?rest_route=%2Fwp%2Fv2%2Ftags&post=70331"}],"curies":[{"name":"wp","href":"https:\/\/api.w.org\/{rel}","templated":true}]}}