{"id":70337,"date":"2025-08-24T16:32:58","date_gmt":"2025-08-24T22:32:58","guid":{"rendered":"https:\/\/encuentroinformativo.com.mx\/?p=70337"},"modified":"2025-08-24T16:32:58","modified_gmt":"2025-08-24T22:32:58","slug":"se-registra-accidente-sobre-la-autopista-cordoba-boca-del-rio","status":"publish","type":"post","link":"https:\/\/encuentroinformativo.com.mx\/?p=70337","title":{"rendered":"Se registra accidente sobre la autopista C\u00f3rdoba &#8211; Boca del R\u00edo\u00a0"},"content":{"rendered":"<p>C\u00f3rdoba, Ver.- La tarde de este domingo se registr\u00f3 un accidente donde un veh\u00edculo pesado se volc\u00f3 sobre los camellones centrales de la carretera C\u00f3rdoba &#8211; Boca del R\u00edo.<\/p>\n<p>Debido a la reducci\u00f3n de carriles se registra tr\u00e1fico pesado en la zona, tome precauciones.<\/p>\n<p><img loading=\"lazy\" decoding=\"async\" class=\"aligncenter size-medium wp-image-70339\" src=\"https:\/\/encuentroinformativo.com.mx\/wp-content\/uploads\/2025\/08\/IMG_20250824_162536_1300_x_1080_pixel2-300x172.jpg\" alt=\"\" width=\"300\" height=\"172\" srcset=\"https:\/\/encuentroinformativo.com.mx\/wp-content\/uploads\/2025\/08\/IMG_20250824_162536_1300_x_1080_pixel2-300x172.jpg 300w, https:\/\/encuentroinformativo.com.mx\/wp-content\/uploads\/2025\/08\/IMG_20250824_162536_1300_x_1080_pixel2-1024x588.jpg 1024w, https:\/\/encuentroinformativo.com.mx\/wp-content\/uploads\/2025\/08\/IMG_20250824_162536_1300_x_1080_pixel2-768x441.jpg 768w, https:\/\/encuentroinformativo.com.mx\/wp-content\/uploads\/2025\/08\/IMG_20250824_162536_1300_x_1080_pixel2.jpg 1300w\" sizes=\"auto, (max-width: 300px) 100vw, 300px\" \/><\/p>\n<p><img loading=\"lazy\" decoding=\"async\" class=\"aligncenter size-medium wp-image-70340\" src=\"https:\/\/encuentroinformativo.com.mx\/wp-content\/uploads\/2025\/08\/IMG_20250824_162454_1300_x_1080_pixel2-300x173.jpg\" alt=\"\" width=\"300\" height=\"173\" srcset=\"https:\/\/encuentroinformativo.com.mx\/wp-content\/uploads\/2025\/08\/IMG_20250824_162454_1300_x_1080_pixel2-300x173.jpg 300w, https:\/\/encuentroinformativo.com.mx\/wp-content\/uploads\/2025\/08\/IMG_20250824_162454_1300_x_1080_pixel2-1024x592.jpg 1024w, https:\/\/encuentroinformativo.com.mx\/wp-content\/uploads\/2025\/08\/IMG_20250824_162454_1300_x_1080_pixel2-768x444.jpg 768w, https:\/\/encuentroinformativo.com.mx\/wp-content\/uploads\/2025\/08\/IMG_20250824_162454_1300_x_1080_pixel2.jpg 1300w\" sizes=\"auto, (max-width: 300px) 100vw, 300px\" \/><\/p>\n<p>&nbsp;<\/p>\n","protected":false},"excerpt":{"rendered":"<p>C\u00f3rdoba, Ver.- La tarde de este domingo se registr\u00f3 un accidente donde un veh\u00edculo pesado se volc\u00f3 sobre los camellones centrales de la carretera C\u00f3rdoba &#8211; Boca del R\u00edo. Debido a la reducci\u00f3n de carriles se registra tr\u00e1fico pesado en la zona, tome precauciones. &nbsp;<\/p>\n","protected":false},"author":2476,"featured_media":70338,"comment_status":"open","ping_status":"open","sticky":false,"template":"","format":"standard","meta":{"_jetpack_memberships_contains_paid_content":false,"footnotes":""},"categories":[2],"tags":[],"class_list":["post-70337","post","type-post","status-publish","format-standard","has-post-thumbnail","hentry","category-estado"],"jetpack_featured_media_url":"https:\/\/encuentroinformativo.com.mx\/wp-content\/uploads\/2025\/08\/IMG_20250824_162603_1300_x_1080_pixel2.jpg","jetpack_sharing_enabled":true,"jetpack_likes_enabled":true,"amp_enabled":true,"_links":{"self":[{"href":"https:\/\/encuentroinformativo.com.mx\/index.php?rest_route=\/wp\/v2\/posts\/70337","targetHints":{"allow":["GET"]}}],"collection":[{"href":"https:\/\/encuentroinformativo.com.mx\/index.php?rest_route=\/wp\/v2\/posts"}],"about":[{"href":"https:\/\/encuentroinformativo.com.mx\/index.php?rest_route=\/wp\/v2\/types\/post"}],"author":[{"embeddable":true,"href":"https:\/\/encuentroinformativo.com.mx\/index.php?rest_route=\/wp\/v2\/users\/2476"}],"replies":[{"embeddable":true,"href":"https:\/\/encuentroinformativo.com.mx\/index.php?rest_route=%2Fwp%2Fv2%2Fcomments&post=70337"}],"version-history":[{"count":1,"href":"https:\/\/encuentroinformativo.com.mx\/index.php?rest_route=\/wp\/v2\/posts\/70337\/revisions"}],"predecessor-version":[{"id":70341,"href":"https:\/\/encuentroinformativo.com.mx\/index.php?rest_route=\/wp\/v2\/posts\/70337\/revisions\/70341"}],"wp:featuredmedia":[{"embeddable":true,"href":"https:\/\/encuentroinformativo.com.mx\/index.php?rest_route=\/wp\/v2\/media\/70338"}],"wp:attachment":[{"href":"https:\/\/encuentroinformativo.com.mx\/index.php?rest_route=%2Fwp%2Fv2%2Fmedia&parent=70337"}],"wp:term":[{"taxonomy":"category","embeddable":true,"href":"https:\/\/encuentroinformativo.com.mx\/index.php?rest_route=%2Fwp%2Fv2%2Fcategories&post=70337"},{"taxonomy":"post_tag","embeddable":true,"href":"https:\/\/encuentroinformativo.com.mx\/index.php?rest_route=%2Fwp%2Fv2%2Ftags&post=70337"}],"curies":[{"name":"wp","href":"https:\/\/api.w.org\/{rel}","templated":true}]}}