{"id":70343,"date":"2025-08-25T10:35:36","date_gmt":"2025-08-25T16:35:36","guid":{"rendered":"https:\/\/encuentroinformativo.com.mx\/?p=70343"},"modified":"2025-08-25T10:35:36","modified_gmt":"2025-08-25T16:35:36","slug":"nuevo-ataque-contra-gruas-incendian-unidad-en-minatitlan","status":"publish","type":"post","link":"https:\/\/encuentroinformativo.com.mx\/?p=70343","title":{"rendered":"Nuevo ataque contra gr\u00faas,\u00a0 incendian unidad en Minatitl\u00e1n"},"content":{"rendered":"<p><strong>Jos\u00e9 Vargas<\/strong><\/p>\n<p>Minatitl\u00e1n, Ver.- La violencia contra la empresa de gr\u00faas MG no cesa. La ma\u00f1ana de este lunes una gr\u00faa International, con n\u00famero econ\u00f3mico 54, fue incendiada en la avenida Trans\u00edstmica de la colonia Nueva Mina, en Minatitl\u00e1n.<\/p>\n<p>De acuerdo con los primeros reportes, dos sujetos a bordo de un veh\u00edculo se aproximaron al lugar y lanzaron bombas molotov contra la pesada unidad, provocando un incendio que r\u00e1pidamente fue atendido por elementos de Protecci\u00f3n Civil y Bomberos de Minatitl\u00e1n.<\/p>\n<p>Agentes policiacos arribaron al sitio para tomar conocimiento de los hechos y resguardar la zona, mientras peritos iniciaban las diligencias correspondientes. Hasta el momento no se ha confirmado el m\u00f3vil del ataque ni la identidad de los agresores.<\/p>\n<p>Este hecho ocurre apenas unos d\u00edas despu\u00e9s de que, la madrugada del s\u00e1bado, las instalaciones de gr\u00faas MG en el municipio de Acayucan fueran tambi\u00e9n blanco de un atentado incendiario, lo que apunta a una posible serie de ataques directos contra la empresa.<\/p>\n<p>La Fiscal\u00eda General del Estado abri\u00f3 una carpeta de investigaci\u00f3n para esclarecer lo sucedido y dar con los responsables, mientras la poblaci\u00f3n se mantiene en alerta ante la ola de violencia que golpea la regi\u00f3n sur de Veracruz.<\/p>\n<p><img loading=\"lazy\" decoding=\"async\" class=\"aligncenter size-medium wp-image-70345\" src=\"https:\/\/encuentroinformativo.com.mx\/wp-content\/uploads\/2025\/08\/IMG-20250825-WA00842-300x149.jpg\" alt=\"\" width=\"300\" height=\"149\" srcset=\"https:\/\/encuentroinformativo.com.mx\/wp-content\/uploads\/2025\/08\/IMG-20250825-WA00842-300x149.jpg 300w, https:\/\/encuentroinformativo.com.mx\/wp-content\/uploads\/2025\/08\/IMG-20250825-WA00842-1024x509.jpg 1024w, https:\/\/encuentroinformativo.com.mx\/wp-content\/uploads\/2025\/08\/IMG-20250825-WA00842-768x382.jpg 768w, https:\/\/encuentroinformativo.com.mx\/wp-content\/uploads\/2025\/08\/IMG-20250825-WA00842.jpg 1170w\" sizes=\"auto, (max-width: 300px) 100vw, 300px\" \/><\/p>\n","protected":false},"excerpt":{"rendered":"<p>Jos\u00e9 Vargas Minatitl\u00e1n, Ver.- La violencia contra la empresa de gr\u00faas MG no cesa. La ma\u00f1ana de este lunes una gr\u00faa International, con n\u00famero econ\u00f3mico 54, fue incendiada en la avenida Trans\u00edstmica de la colonia Nueva Mina, en Minatitl\u00e1n. De acuerdo con los primeros reportes, dos sujetos a bordo de un veh\u00edculo se aproximaron al [&hellip;]<\/p>\n","protected":false},"author":2476,"featured_media":70344,"comment_status":"open","ping_status":"open","sticky":false,"template":"","format":"standard","meta":{"_jetpack_memberships_contains_paid_content":false,"footnotes":""},"categories":[2],"tags":[],"class_list":["post-70343","post","type-post","status-publish","format-standard","has-post-thumbnail","hentry","category-estado"],"jetpack_featured_media_url":"https:\/\/encuentroinformativo.com.mx\/wp-content\/uploads\/2025\/08\/IMG-20250825-WA00832.jpg","jetpack_sharing_enabled":true,"jetpack_likes_enabled":true,"amp_enabled":true,"_links":{"self":[{"href":"https:\/\/encuentroinformativo.com.mx\/index.php?rest_route=\/wp\/v2\/posts\/70343","targetHints":{"allow":["GET"]}}],"collection":[{"href":"https:\/\/encuentroinformativo.com.mx\/index.php?rest_route=\/wp\/v2\/posts"}],"about":[{"href":"https:\/\/encuentroinformativo.com.mx\/index.php?rest_route=\/wp\/v2\/types\/post"}],"author":[{"embeddable":true,"href":"https:\/\/encuentroinformativo.com.mx\/index.php?rest_route=\/wp\/v2\/users\/2476"}],"replies":[{"embeddable":true,"href":"https:\/\/encuentroinformativo.com.mx\/index.php?rest_route=%2Fwp%2Fv2%2Fcomments&post=70343"}],"version-history":[{"count":2,"href":"https:\/\/encuentroinformativo.com.mx\/index.php?rest_route=\/wp\/v2\/posts\/70343\/revisions"}],"predecessor-version":[{"id":70347,"href":"https:\/\/encuentroinformativo.com.mx\/index.php?rest_route=\/wp\/v2\/posts\/70343\/revisions\/70347"}],"wp:featuredmedia":[{"embeddable":true,"href":"https:\/\/encuentroinformativo.com.mx\/index.php?rest_route=\/wp\/v2\/media\/70344"}],"wp:attachment":[{"href":"https:\/\/encuentroinformativo.com.mx\/index.php?rest_route=%2Fwp%2Fv2%2Fmedia&parent=70343"}],"wp:term":[{"taxonomy":"category","embeddable":true,"href":"https:\/\/encuentroinformativo.com.mx\/index.php?rest_route=%2Fwp%2Fv2%2Fcategories&post=70343"},{"taxonomy":"post_tag","embeddable":true,"href":"https:\/\/encuentroinformativo.com.mx\/index.php?rest_route=%2Fwp%2Fv2%2Ftags&post=70343"}],"curies":[{"name":"wp","href":"https:\/\/api.w.org\/{rel}","templated":true}]}}