{"id":70365,"date":"2025-08-25T14:59:58","date_gmt":"2025-08-25T20:59:58","guid":{"rendered":"https:\/\/encuentroinformativo.com.mx\/?p=70365"},"modified":"2025-08-25T14:59:58","modified_gmt":"2025-08-25T20:59:58","slug":"evade-titular-de-cejum-dar-declaraciones-a-medios","status":"publish","type":"post","link":"https:\/\/encuentroinformativo.com.mx\/?p=70365","title":{"rendered":"Evade titular de CEJUM dar declaraciones a medios"},"content":{"rendered":"<p><strong>Dar\u00edo Pale<\/strong><\/p>\n<p>Xalapa, Ver.- La Coordinadora General del Centro de Justicia para las Mujeres (CEJUM), Pamela Ortega Medina, evita hablar sobre el caso de la trabajadora involucrada en el accidente que se registr\u00f3 en d\u00edas pasados en el Acueducto.<\/p>\n<p>Durante un recorrido por los stands de un evento de mujeres del cual tampoco quiso hablar en un intento de entrevista, solo se limit\u00f3 a decir que le dieramos un minuto, y que despu\u00e9s nos dar\u00eda una entrevista lo cual no fue as\u00ed.<\/p>\n<p>Al intentar entrevistarla personal de dicha oficina intent\u00f3 bloquear a los diferentes medios de comunicaci\u00f3n, y en donde solo se limit\u00f3 a decir que, \u201cno puedo dar ningun comentario porque esta en proceso administrativo y no puedo violentar los derechos de la trabajadora\u201d.<\/p>\n<p>Al ser cuestionada sobre si \u201c\u00bfhay garantia de que entonces se apliquen las sanciones pertinentes para las personas que incurran en este tipo de actos?, a lo que respondi\u00f3 que, \u201cs\u00ed as\u00ed es\u201d.<\/p>\n<p>Como se recordar\u00e1 la empleada del organismo estatal presuntamente conduc\u00eda en estado de ebriedad, adem\u00e1s de haber agredido e insultado a elementos de tr\u00e1nsito femeninas cuando realizaban su trabajo, adem\u00e1s de que las intent\u00f3 sobornar.<\/p>\n","protected":false},"excerpt":{"rendered":"<p>Dar\u00edo Pale Xalapa, Ver.- La Coordinadora General del Centro de Justicia para las Mujeres (CEJUM), Pamela Ortega Medina, evita hablar sobre el caso de la trabajadora involucrada en el accidente que se registr\u00f3 en d\u00edas pasados en el Acueducto. Durante un recorrido por los stands de un evento de mujeres del cual tampoco quiso hablar [&hellip;]<\/p>\n","protected":false},"author":2476,"featured_media":70366,"comment_status":"open","ping_status":"open","sticky":false,"template":"","format":"standard","meta":{"_jetpack_memberships_contains_paid_content":false,"footnotes":""},"categories":[3],"tags":[],"class_list":["post-70365","post","type-post","status-publish","format-standard","has-post-thumbnail","hentry","category-xalapa"],"jetpack_featured_media_url":"https:\/\/encuentroinformativo.com.mx\/wp-content\/uploads\/2025\/08\/IMG-20250825-WA02162.jpg","jetpack_sharing_enabled":true,"jetpack_likes_enabled":true,"amp_enabled":true,"_links":{"self":[{"href":"https:\/\/encuentroinformativo.com.mx\/index.php?rest_route=\/wp\/v2\/posts\/70365","targetHints":{"allow":["GET"]}}],"collection":[{"href":"https:\/\/encuentroinformativo.com.mx\/index.php?rest_route=\/wp\/v2\/posts"}],"about":[{"href":"https:\/\/encuentroinformativo.com.mx\/index.php?rest_route=\/wp\/v2\/types\/post"}],"author":[{"embeddable":true,"href":"https:\/\/encuentroinformativo.com.mx\/index.php?rest_route=\/wp\/v2\/users\/2476"}],"replies":[{"embeddable":true,"href":"https:\/\/encuentroinformativo.com.mx\/index.php?rest_route=%2Fwp%2Fv2%2Fcomments&post=70365"}],"version-history":[{"count":1,"href":"https:\/\/encuentroinformativo.com.mx\/index.php?rest_route=\/wp\/v2\/posts\/70365\/revisions"}],"predecessor-version":[{"id":70367,"href":"https:\/\/encuentroinformativo.com.mx\/index.php?rest_route=\/wp\/v2\/posts\/70365\/revisions\/70367"}],"wp:featuredmedia":[{"embeddable":true,"href":"https:\/\/encuentroinformativo.com.mx\/index.php?rest_route=\/wp\/v2\/media\/70366"}],"wp:attachment":[{"href":"https:\/\/encuentroinformativo.com.mx\/index.php?rest_route=%2Fwp%2Fv2%2Fmedia&parent=70365"}],"wp:term":[{"taxonomy":"category","embeddable":true,"href":"https:\/\/encuentroinformativo.com.mx\/index.php?rest_route=%2Fwp%2Fv2%2Fcategories&post=70365"},{"taxonomy":"post_tag","embeddable":true,"href":"https:\/\/encuentroinformativo.com.mx\/index.php?rest_route=%2Fwp%2Fv2%2Ftags&post=70365"}],"curies":[{"name":"wp","href":"https:\/\/api.w.org\/{rel}","templated":true}]}}