{"id":70382,"date":"2025-08-25T18:59:16","date_gmt":"2025-08-26T00:59:16","guid":{"rendered":"https:\/\/encuentroinformativo.com.mx\/?p=70382"},"modified":"2025-08-25T18:59:16","modified_gmt":"2025-08-26T00:59:16","slug":"hartos-de-robo-de-motos-golpean-y-rapan-a-ladron-en-medellin","status":"publish","type":"post","link":"https:\/\/encuentroinformativo.com.mx\/?p=70382","title":{"rendered":"Hartos de robo de motos, golpean y rapan a ladr\u00f3n en Medell\u00edn"},"content":{"rendered":"<p><strong>Alejandro \u00c1vila<\/strong><\/p>\n<p>Medell\u00edn de Bravo, Ver.- Este domingo 24 de agosto, ciudadano de la localidad de Los Robles en el municipio de Medell\u00edn de Bravo decidieron poner un ejemplo a los ladrones de motocicletas.<\/p>\n<p>Tras ser notificados sobre el intento de robo de una moto, varios ciudadanos cazaron al delincuente y, tras detenerlo, le propinaron una severa golpiza, posteriormente lo amarraron y decidieron raparlo.<\/p>\n<p>Tras el reporte el n\u00famero de emergencias 911, minutos m\u00e1s tarde acudi\u00f3 una unidad de la Polic\u00eda Municipal, a quienes los ciudadanos le informaron la molestia por el constante robo de motocicletas, por lo cual decidieron tomar justicia por su propia mano para poner un ejemplo a la banda delictiva que atormenta la zona.<\/p>\n","protected":false},"excerpt":{"rendered":"<p>Alejandro \u00c1vila Medell\u00edn de Bravo, Ver.- Este domingo 24 de agosto, ciudadano de la localidad de Los Robles en el municipio de Medell\u00edn de Bravo decidieron poner un ejemplo a los ladrones de motocicletas. Tras ser notificados sobre el intento de robo de una moto, varios ciudadanos cazaron al delincuente y, tras detenerlo, le propinaron [&hellip;]<\/p>\n","protected":false},"author":2476,"featured_media":70384,"comment_status":"open","ping_status":"open","sticky":false,"template":"","format":"standard","meta":{"_jetpack_memberships_contains_paid_content":false,"footnotes":""},"categories":[14],"tags":[],"class_list":["post-70382","post","type-post","status-publish","format-standard","has-post-thumbnail","hentry","category-policiaca"],"jetpack_featured_media_url":"https:\/\/encuentroinformativo.com.mx\/wp-content\/uploads\/2025\/08\/Screenshot_20250825-185557-1.png","jetpack_sharing_enabled":true,"jetpack_likes_enabled":true,"amp_enabled":true,"_links":{"self":[{"href":"https:\/\/encuentroinformativo.com.mx\/index.php?rest_route=\/wp\/v2\/posts\/70382","targetHints":{"allow":["GET"]}}],"collection":[{"href":"https:\/\/encuentroinformativo.com.mx\/index.php?rest_route=\/wp\/v2\/posts"}],"about":[{"href":"https:\/\/encuentroinformativo.com.mx\/index.php?rest_route=\/wp\/v2\/types\/post"}],"author":[{"embeddable":true,"href":"https:\/\/encuentroinformativo.com.mx\/index.php?rest_route=\/wp\/v2\/users\/2476"}],"replies":[{"embeddable":true,"href":"https:\/\/encuentroinformativo.com.mx\/index.php?rest_route=%2Fwp%2Fv2%2Fcomments&post=70382"}],"version-history":[{"count":1,"href":"https:\/\/encuentroinformativo.com.mx\/index.php?rest_route=\/wp\/v2\/posts\/70382\/revisions"}],"predecessor-version":[{"id":70385,"href":"https:\/\/encuentroinformativo.com.mx\/index.php?rest_route=\/wp\/v2\/posts\/70382\/revisions\/70385"}],"wp:featuredmedia":[{"embeddable":true,"href":"https:\/\/encuentroinformativo.com.mx\/index.php?rest_route=\/wp\/v2\/media\/70384"}],"wp:attachment":[{"href":"https:\/\/encuentroinformativo.com.mx\/index.php?rest_route=%2Fwp%2Fv2%2Fmedia&parent=70382"}],"wp:term":[{"taxonomy":"category","embeddable":true,"href":"https:\/\/encuentroinformativo.com.mx\/index.php?rest_route=%2Fwp%2Fv2%2Fcategories&post=70382"},{"taxonomy":"post_tag","embeddable":true,"href":"https:\/\/encuentroinformativo.com.mx\/index.php?rest_route=%2Fwp%2Fv2%2Ftags&post=70382"}],"curies":[{"name":"wp","href":"https:\/\/api.w.org\/{rel}","templated":true}]}}