{"id":70392,"date":"2025-08-26T11:44:00","date_gmt":"2025-08-26T17:44:00","guid":{"rendered":"https:\/\/encuentroinformativo.com.mx\/?p=70392"},"modified":"2025-08-26T11:44:00","modified_gmt":"2025-08-26T17:44:00","slug":"pan-crisis-silenciosa","status":"publish","type":"post","link":"https:\/\/encuentroinformativo.com.mx\/?p=70392","title":{"rendered":"PAN, CRISIS SILENCIOSA"},"content":{"rendered":"<p dir=\"ltr\"><strong>Los Pol\u00edticos<\/strong><\/p>\n<p dir=\"ltr\"><strong>Salvador Mu\u00f1oz<\/strong><\/p>\n<p dir=\"ltr\">Por cualquier lado que se le vea, el PAN de Veracruz vive una crisis silenciosa, de la que poco se habla o de la que a nadie le interesa\u2026 es m\u00e1s rentable la crisis de Morena.<\/p>\n<p dir=\"ltr\">No obstante, el esc\u00e1ndalo que generaron los hechos de vandalismo que se perpetraron en las oficinas centrales del partido, hizo que m\u00e1s de uno volteara y m\u00e1s cuando sali\u00f3 la diputada Montserrat Ortega a denunciar el asunto, cuando este evento, cualquier otro partido, cualquier otro dirigente, lo hubiera convertido en oro molino como oposici\u00f3n.<\/p>\n<p dir=\"ltr\">Federico s\u00f3lo reaccion\u00f3 porque Montserrat \u201cle gan\u00f3 el brinco\u201d&#8230; y en lugar de verse el PAN como una v\u00edctima, se vio victimario.<\/p>\n<p dir=\"ltr\">Independiente de todo esto, el PAN debe estar preparando para ya, el cambio de dirigencia la que por cierto, caer\u00e1 en manos de una mujer\u2026 de una panista.<\/p>\n<p dir=\"ltr\">Por eso, para algunos, el \u00faltimo evento pone a Montserrat Ortega entre las primeras figuras a contender por este cargo: De cierto modo, es la v\u00edctima de una dirigencia partidista que, asegura ella, la ha excluido y la ha violentado, raz\u00f3n por la que, en forma de protesta pac\u00edfica, se uni\u00f3 a los diputados del PRI, H\u00e9ctor Yunes y Ana Rosa Vald\u00e9s, para conformar una bancada\u2026 una buena estrategia. Como bancada, es m\u00e1s fuerte que independiente. Adem\u00e1s, la alianza PAN-PRI ya no espanta tanto como hace a\u00f1os. Y si a eso se le agrega que logra colocar a Federico Salom\u00f3n en la lista de Violentadores Pol\u00edticos\u2026<\/p>\n<p dir=\"ltr\">La circunstancia es lo que pone en palestra en estos momentos a Montserrat Ortega\u2026<\/p>\n<p dir=\"ltr\">\u00bfHay otras panistas?<\/p>\n<p dir=\"ltr\">En estos momentos la oportunidad podr\u00eda ser tambi\u00e9n para Cristina P\u00e9rez Silva, secretaria general del PAN. Adem\u00e1s, ser\u00eda una gran oportunidad para el mismo partido para dar \u201cjuego\u201d a esas militantes que vienen picando piedra y nom\u00e1s no pasan de carguitos\u2026 si la memoria no me falla, el PAN no ha tenido una mujer al frente\u2026 insisto, a lo mejor la memoria me traiciona.<\/p>\n<p dir=\"ltr\">Incluso se hablaba en su momento de Indira Rosales San Rom\u00e1n, pero tras el esc\u00e1ndalo yunista, la fuerza mengu\u00f3 en la actual diputada local y en toda dama azul que tenga cercan\u00eda con los Yunes.<\/p>\n<p dir=\"ltr\">Hay quienes citan a Rosario Guzm\u00e1n Avil\u00e9s, la carnala del Chapito, el l\u00edder que si bien perdi\u00f3 en Tantoyuca, es innegable que fuerza a\u00fan tiene Joaqu\u00edn\u2026 sabr\u00e1 Dios si a\u00fan influencia en el PAN.<\/p>\n<p dir=\"ltr\">Otra dama ser\u00eda Ana Ledezma, a la que considerar\u00edan la ficha de Enrique Cambranis\u2026<\/p>\n<p dir=\"ltr\">Por cierto, ya que se cita a Enrique Cambranis, \u00e9l ser\u00eda uno de los factores determinantes para la dirigencia femenina en el PAN\u2026<\/p>\n<p dir=\"ltr\">El otro factor es una dama: Maryjose Gamboa, presidenta electa de la \u00faltima joya de la corona azul. Sin duda, su voz y su voto deben tener peso espec\u00edfico para la hora de las decisiones.<\/p>\n<p dir=\"ltr\">Al PAN, en pocas palabras, le urge sacudirse las crisis silenciosas que vive al interior de Zamora 56, donde la violencia pol\u00edtica y el vandalismo entran como Federico por su casa; est\u00e1n a tiempo de pensar en una reestructuraci\u00f3n a fondo y dejar de ver al Partido como una oportunidad personal para mantenerse en el presupuesto\u2026<\/p>\n","protected":false},"excerpt":{"rendered":"<p>Los Pol\u00edticos Salvador Mu\u00f1oz Por cualquier lado que se le vea, el PAN de Veracruz vive una crisis silenciosa, de la que poco se habla o de la que a nadie le interesa\u2026 es m\u00e1s rentable la crisis de Morena. No obstante, el esc\u00e1ndalo que generaron los hechos de vandalismo que se perpetraron en las [&hellip;]<\/p>\n","protected":false},"author":2476,"featured_media":387,"comment_status":"open","ping_status":"open","sticky":false,"template":"","format":"standard","meta":{"_jetpack_memberships_contains_paid_content":false,"footnotes":""},"categories":[11],"tags":[],"class_list":["post-70392","post","type-post","status-publish","format-standard","has-post-thumbnail","hentry","category-opinion"],"jetpack_featured_media_url":"https:\/\/encuentroinformativo.com.mx\/wp-content\/uploads\/2020\/03\/7CF8A22B-2764-47BE-8F7F-38FE9E5D6A2F.jpeg","jetpack_sharing_enabled":true,"jetpack_likes_enabled":true,"amp_enabled":true,"_links":{"self":[{"href":"https:\/\/encuentroinformativo.com.mx\/index.php?rest_route=\/wp\/v2\/posts\/70392","targetHints":{"allow":["GET"]}}],"collection":[{"href":"https:\/\/encuentroinformativo.com.mx\/index.php?rest_route=\/wp\/v2\/posts"}],"about":[{"href":"https:\/\/encuentroinformativo.com.mx\/index.php?rest_route=\/wp\/v2\/types\/post"}],"author":[{"embeddable":true,"href":"https:\/\/encuentroinformativo.com.mx\/index.php?rest_route=\/wp\/v2\/users\/2476"}],"replies":[{"embeddable":true,"href":"https:\/\/encuentroinformativo.com.mx\/index.php?rest_route=%2Fwp%2Fv2%2Fcomments&post=70392"}],"version-history":[{"count":1,"href":"https:\/\/encuentroinformativo.com.mx\/index.php?rest_route=\/wp\/v2\/posts\/70392\/revisions"}],"predecessor-version":[{"id":70393,"href":"https:\/\/encuentroinformativo.com.mx\/index.php?rest_route=\/wp\/v2\/posts\/70392\/revisions\/70393"}],"wp:featuredmedia":[{"embeddable":true,"href":"https:\/\/encuentroinformativo.com.mx\/index.php?rest_route=\/wp\/v2\/media\/387"}],"wp:attachment":[{"href":"https:\/\/encuentroinformativo.com.mx\/index.php?rest_route=%2Fwp%2Fv2%2Fmedia&parent=70392"}],"wp:term":[{"taxonomy":"category","embeddable":true,"href":"https:\/\/encuentroinformativo.com.mx\/index.php?rest_route=%2Fwp%2Fv2%2Fcategories&post=70392"},{"taxonomy":"post_tag","embeddable":true,"href":"https:\/\/encuentroinformativo.com.mx\/index.php?rest_route=%2Fwp%2Fv2%2Ftags&post=70392"}],"curies":[{"name":"wp","href":"https:\/\/api.w.org\/{rel}","templated":true}]}}