{"id":70394,"date":"2025-08-26T11:50:03","date_gmt":"2025-08-26T17:50:03","guid":{"rendered":"https:\/\/encuentroinformativo.com.mx\/?p=70394"},"modified":"2025-08-26T11:50:03","modified_gmt":"2025-08-26T17:50:03","slug":"por-miedo-a-represalias-dan-carpetazo-a-investigacion-de-asesinato-de-periodistas","status":"publish","type":"post","link":"https:\/\/encuentroinformativo.com.mx\/?p=70394","title":{"rendered":"Por miedo a represalias dan &#8220;carpetazo&#8221; a investigaci\u00f3n de asesinato de periodistas\u00a0"},"content":{"rendered":"<p><strong>Alejandro \u00c1vila<\/strong><\/p>\n<p>Veracruz, Ver.- El Colectivo F\u00e9nix dio a conocer que por miedo a represalias de los agresores de periodistas asesinados en entidad veracruzana han dado &#8220;carpetazo&#8221; a sus respectivas investigaciones.<\/p>\n<p>Yasm\u00edn L\u00f3pez Solana, vocera del Colectivo F\u00e9nix, dio a conocer que la Fiscal\u00eda de Veracruz mantiene una cerraz\u00f3n con respecto a las investigaciones de los periodistas ultimados, y esta situaci\u00f3n afecta a las familias de las v\u00edctimas, las cuales no terminan por sanar.<\/p>\n<p>&#8220;As\u00ed deber\u00eda de ser pero la realidad es otra (&#8230;) muchos de los casos de los que estamos informados por nuestros integrantes han tenido cerradas las puertas de la Fiscal\u00eda en ocasiones, pero ese tema de lo jur\u00eddico es tan redundante, tan complicado, no nada m\u00e1s es directo, abunda demasiado entrar en ese tema, es complicado porque no nada m\u00e1s estoy yo al frente, est\u00e1n las familias&#8221;<\/p>\n<p>&#8220;Algunos por miedo, no porque quieran han tenido que dar carpetazo, porque las autoridades o las personas que&#8230; los homicidas, por miedo a las represalias han callado (&#8230;) tambi\u00e9n no se escucha a la Fiscal\u00eda, no nos escucha, en mucho de los casos no hay apoyo, porque nada m\u00e1s es la Fiscal\u00eda, es el apoyo a las v\u00edctimas que tambi\u00e9n por ignorancia de nosotros, por no saber, por huir, por miedo no nos acercamos en el momento&#8221;, sentenci\u00f3.<\/p>\n","protected":false},"excerpt":{"rendered":"<p>Alejandro \u00c1vila Veracruz, Ver.- El Colectivo F\u00e9nix dio a conocer que por miedo a represalias de los agresores de periodistas asesinados en entidad veracruzana han dado &#8220;carpetazo&#8221; a sus respectivas investigaciones. Yasm\u00edn L\u00f3pez Solana, vocera del Colectivo F\u00e9nix, dio a conocer que la Fiscal\u00eda de Veracruz mantiene una cerraz\u00f3n con respecto a las investigaciones de [&hellip;]<\/p>\n","protected":false},"author":2476,"featured_media":70395,"comment_status":"open","ping_status":"open","sticky":false,"template":"","format":"standard","meta":{"_jetpack_memberships_contains_paid_content":false,"footnotes":""},"categories":[2],"tags":[],"class_list":["post-70394","post","type-post","status-publish","format-standard","has-post-thumbnail","hentry","category-estado"],"jetpack_featured_media_url":"https:\/\/encuentroinformativo.com.mx\/wp-content\/uploads\/2025\/08\/IMG-20250826-WA01272.jpg","jetpack_sharing_enabled":true,"jetpack_likes_enabled":true,"amp_enabled":true,"_links":{"self":[{"href":"https:\/\/encuentroinformativo.com.mx\/index.php?rest_route=\/wp\/v2\/posts\/70394","targetHints":{"allow":["GET"]}}],"collection":[{"href":"https:\/\/encuentroinformativo.com.mx\/index.php?rest_route=\/wp\/v2\/posts"}],"about":[{"href":"https:\/\/encuentroinformativo.com.mx\/index.php?rest_route=\/wp\/v2\/types\/post"}],"author":[{"embeddable":true,"href":"https:\/\/encuentroinformativo.com.mx\/index.php?rest_route=\/wp\/v2\/users\/2476"}],"replies":[{"embeddable":true,"href":"https:\/\/encuentroinformativo.com.mx\/index.php?rest_route=%2Fwp%2Fv2%2Fcomments&post=70394"}],"version-history":[{"count":1,"href":"https:\/\/encuentroinformativo.com.mx\/index.php?rest_route=\/wp\/v2\/posts\/70394\/revisions"}],"predecessor-version":[{"id":70396,"href":"https:\/\/encuentroinformativo.com.mx\/index.php?rest_route=\/wp\/v2\/posts\/70394\/revisions\/70396"}],"wp:featuredmedia":[{"embeddable":true,"href":"https:\/\/encuentroinformativo.com.mx\/index.php?rest_route=\/wp\/v2\/media\/70395"}],"wp:attachment":[{"href":"https:\/\/encuentroinformativo.com.mx\/index.php?rest_route=%2Fwp%2Fv2%2Fmedia&parent=70394"}],"wp:term":[{"taxonomy":"category","embeddable":true,"href":"https:\/\/encuentroinformativo.com.mx\/index.php?rest_route=%2Fwp%2Fv2%2Fcategories&post=70394"},{"taxonomy":"post_tag","embeddable":true,"href":"https:\/\/encuentroinformativo.com.mx\/index.php?rest_route=%2Fwp%2Fv2%2Ftags&post=70394"}],"curies":[{"name":"wp","href":"https:\/\/api.w.org\/{rel}","templated":true}]}}