{"id":70400,"date":"2025-08-26T13:02:30","date_gmt":"2025-08-26T19:02:30","guid":{"rendered":"https:\/\/encuentroinformativo.com.mx\/?p=70400"},"modified":"2025-08-26T13:02:30","modified_gmt":"2025-08-26T19:02:30","slug":"en-veracruz-funcionarios-hacen-uso-excesivo-de-la-violencia-politica-de-genero","status":"publish","type":"post","link":"https:\/\/encuentroinformativo.com.mx\/?p=70400","title":{"rendered":"En Veracruz, funcionarios hacen uso excesivo de la violencia pol\u00edtica de g\u00e9nero"},"content":{"rendered":"<p><strong>Alejandro \u00c1vila<\/strong><\/p>\n<p>Veracruz, Ver.- Funcionarios p\u00fablicos de Veracruz abusan de las denuncias por violencia pol\u00edtica en raz\u00f3n de g\u00e9nero se\u00f1al\u00f3 Balbina Flores Mart\u00ednez, representante de Reporteros Sin Fronteras.<\/p>\n<p>&#8220;M\u00e1s bien se est\u00e1 haciendo un uso excesivo de este instrumento que es noble, digamos, que es la violencia pol\u00edtica en raz\u00f3n de g\u00e9nero, el instrumento es bueno, pero el uso excesivo de funcionarios es totalmente irracional (&#8230;) se utiliza ese instrumento para inhibir la libertad de expresi\u00f3n en este caso de los periodistas y esa es una situaci\u00f3n que se tiene que revisar&#8221;, subray\u00f3.<\/p>\n<p>En ese sentido dio a conocer que, en la entidad veracruzana la mayor\u00eda de estas denuncias las hacen los funcionarios p\u00fablicos en contra de los periodistas; sin embargo, se debe aclarar que, todo servidor p\u00fablico est\u00e1 expuesto a la cr\u00edtica por su trabajo, ya sea por parte de comunicadores o la ciudadan\u00eda y, existe una diferencia entre violencia y opini\u00f3n.<\/p>\n<p>Otro tema, Reportero Sin fronteras dio a conocer que s\u00ed han tenido reportes de agresiones o amenazas de muerte a periodistas de Veracruz, en su mayor\u00eda de la zona norte.<\/p>\n","protected":false},"excerpt":{"rendered":"<p>Alejandro \u00c1vila Veracruz, Ver.- Funcionarios p\u00fablicos de Veracruz abusan de las denuncias por violencia pol\u00edtica en raz\u00f3n de g\u00e9nero se\u00f1al\u00f3 Balbina Flores Mart\u00ednez, representante de Reporteros Sin Fronteras. &#8220;M\u00e1s bien se est\u00e1 haciendo un uso excesivo de este instrumento que es noble, digamos, que es la violencia pol\u00edtica en raz\u00f3n de g\u00e9nero, el instrumento es [&hellip;]<\/p>\n","protected":false},"author":2476,"featured_media":70401,"comment_status":"open","ping_status":"open","sticky":false,"template":"","format":"standard","meta":{"_jetpack_memberships_contains_paid_content":false,"footnotes":""},"categories":[2],"tags":[],"class_list":["post-70400","post","type-post","status-publish","format-standard","has-post-thumbnail","hentry","category-estado"],"jetpack_featured_media_url":"https:\/\/encuentroinformativo.com.mx\/wp-content\/uploads\/2025\/08\/IMG-20250826-WA01292.jpg","jetpack_sharing_enabled":true,"jetpack_likes_enabled":true,"amp_enabled":true,"_links":{"self":[{"href":"https:\/\/encuentroinformativo.com.mx\/index.php?rest_route=\/wp\/v2\/posts\/70400","targetHints":{"allow":["GET"]}}],"collection":[{"href":"https:\/\/encuentroinformativo.com.mx\/index.php?rest_route=\/wp\/v2\/posts"}],"about":[{"href":"https:\/\/encuentroinformativo.com.mx\/index.php?rest_route=\/wp\/v2\/types\/post"}],"author":[{"embeddable":true,"href":"https:\/\/encuentroinformativo.com.mx\/index.php?rest_route=\/wp\/v2\/users\/2476"}],"replies":[{"embeddable":true,"href":"https:\/\/encuentroinformativo.com.mx\/index.php?rest_route=%2Fwp%2Fv2%2Fcomments&post=70400"}],"version-history":[{"count":1,"href":"https:\/\/encuentroinformativo.com.mx\/index.php?rest_route=\/wp\/v2\/posts\/70400\/revisions"}],"predecessor-version":[{"id":70402,"href":"https:\/\/encuentroinformativo.com.mx\/index.php?rest_route=\/wp\/v2\/posts\/70400\/revisions\/70402"}],"wp:featuredmedia":[{"embeddable":true,"href":"https:\/\/encuentroinformativo.com.mx\/index.php?rest_route=\/wp\/v2\/media\/70401"}],"wp:attachment":[{"href":"https:\/\/encuentroinformativo.com.mx\/index.php?rest_route=%2Fwp%2Fv2%2Fmedia&parent=70400"}],"wp:term":[{"taxonomy":"category","embeddable":true,"href":"https:\/\/encuentroinformativo.com.mx\/index.php?rest_route=%2Fwp%2Fv2%2Fcategories&post=70400"},{"taxonomy":"post_tag","embeddable":true,"href":"https:\/\/encuentroinformativo.com.mx\/index.php?rest_route=%2Fwp%2Fv2%2Ftags&post=70400"}],"curies":[{"name":"wp","href":"https:\/\/api.w.org\/{rel}","templated":true}]}}