{"id":70403,"date":"2025-08-26T13:37:28","date_gmt":"2025-08-26T19:37:28","guid":{"rendered":"https:\/\/encuentroinformativo.com.mx\/?p=70403"},"modified":"2025-08-26T13:37:28","modified_gmt":"2025-08-26T19:37:28","slug":"veracruz-por-debajo-de-la-media-en-desempleo-afirma-secretaria-del-trabajo","status":"publish","type":"post","link":"https:\/\/encuentroinformativo.com.mx\/?p=70403","title":{"rendered":"Veracruz por debajo de la media en desempleo, afirma Secretar\u00eda del Trabajo"},"content":{"rendered":"<p><strong>Dar\u00edo Pale<\/strong><\/p>\n<p>Xalapa, Ver.- El estado de Veracruz se ubica por debajo de la media nacional en tasas de desempleo, as\u00ed lo dio a conocer el titular de la Secretar\u00eda del Trabajo, Previsi\u00f3n Social y Productividad (STPSP), Luis Arturo Santiago Mart\u00ednez.<\/p>\n<p>Este martes, se llev\u00f3 a cabo en Xalapa la Feria Nacional de las Juventudes, donde se ofertaron 787 vacantes que ofrecieron salarios desde el m\u00ednimo de 8 mil 480 pesos hasta 40 mil pesos mensuales.<\/p>\n<p>Tambi\u00e9n, asegur\u00f3 que se mantienen las ofertas de movilidad laboral en pa\u00edses como Canad\u00e1, Estados Unidos y Alemania.<\/p>\n<p>\u201cHay movilidad interna a jornaleros agr\u00edcolas que van a algunos estados del norte y hay movilidad externa que van a Canad\u00e1, van a Estados Unidos y van tambi\u00e9n a algunos enfermeros y enfermeras vacantes tenemos para Alemania\u201d, coment\u00f3.<\/p>\n<p>Afirm\u00f3 que por medio de las Ferias del Empleo que se realizan a lo largo y ancho de la entidad, se busca disminuir a\u00fan m\u00e1s las cifras de personas que no cuentan con fuentes de ingreso.<\/p>\n<p>\u201cEn esencia tenemos que reducir las tasas de desocupaci\u00f3n o desempleo, informarte que tenemos a nivel nacional 2.7 de tasa de desempleo, aqu\u00ed en Veracruz con fortuna tenemos el 2.0 y estamos haciendo literal una cruzada en todo el estado con caravanas y con ferias nacionales del empleo para dar la oportunidad y en este tema hoy en d\u00eda a j\u00f3venes como lo ves en su gran mayor\u00eda porque es el mes de las j\u00f3venes\u201d, se\u00f1al\u00f3.<\/p>\n<p>Finalmente dio a conocer que \u201cahorita nada m\u00e1s de bolsa de trabajo a la fecha de arriba de 10.000, tenemos movilidad externa 2.500 y tenemos cerca de 3.000 de movilidad interna que se han conectado y esperamos aqu\u00ed que los j\u00f3venes aprovechen estas oportunidades para mejorar sus condiciones materiales de vida\u201d.<\/p>\n","protected":false},"excerpt":{"rendered":"<p>Dar\u00edo Pale Xalapa, Ver.- El estado de Veracruz se ubica por debajo de la media nacional en tasas de desempleo, as\u00ed lo dio a conocer el titular de la Secretar\u00eda del Trabajo, Previsi\u00f3n Social y Productividad (STPSP), Luis Arturo Santiago Mart\u00ednez. Este martes, se llev\u00f3 a cabo en Xalapa la Feria Nacional de las Juventudes, [&hellip;]<\/p>\n","protected":false},"author":2476,"featured_media":70404,"comment_status":"open","ping_status":"open","sticky":false,"template":"","format":"standard","meta":{"_jetpack_memberships_contains_paid_content":false,"footnotes":""},"categories":[2],"tags":[],"class_list":["post-70403","post","type-post","status-publish","format-standard","has-post-thumbnail","hentry","category-estado"],"jetpack_featured_media_url":"https:\/\/encuentroinformativo.com.mx\/wp-content\/uploads\/2025\/08\/IMG-20250826-WA0138.jpg","jetpack_sharing_enabled":true,"jetpack_likes_enabled":true,"amp_enabled":true,"_links":{"self":[{"href":"https:\/\/encuentroinformativo.com.mx\/index.php?rest_route=\/wp\/v2\/posts\/70403","targetHints":{"allow":["GET"]}}],"collection":[{"href":"https:\/\/encuentroinformativo.com.mx\/index.php?rest_route=\/wp\/v2\/posts"}],"about":[{"href":"https:\/\/encuentroinformativo.com.mx\/index.php?rest_route=\/wp\/v2\/types\/post"}],"author":[{"embeddable":true,"href":"https:\/\/encuentroinformativo.com.mx\/index.php?rest_route=\/wp\/v2\/users\/2476"}],"replies":[{"embeddable":true,"href":"https:\/\/encuentroinformativo.com.mx\/index.php?rest_route=%2Fwp%2Fv2%2Fcomments&post=70403"}],"version-history":[{"count":1,"href":"https:\/\/encuentroinformativo.com.mx\/index.php?rest_route=\/wp\/v2\/posts\/70403\/revisions"}],"predecessor-version":[{"id":70405,"href":"https:\/\/encuentroinformativo.com.mx\/index.php?rest_route=\/wp\/v2\/posts\/70403\/revisions\/70405"}],"wp:featuredmedia":[{"embeddable":true,"href":"https:\/\/encuentroinformativo.com.mx\/index.php?rest_route=\/wp\/v2\/media\/70404"}],"wp:attachment":[{"href":"https:\/\/encuentroinformativo.com.mx\/index.php?rest_route=%2Fwp%2Fv2%2Fmedia&parent=70403"}],"wp:term":[{"taxonomy":"category","embeddable":true,"href":"https:\/\/encuentroinformativo.com.mx\/index.php?rest_route=%2Fwp%2Fv2%2Fcategories&post=70403"},{"taxonomy":"post_tag","embeddable":true,"href":"https:\/\/encuentroinformativo.com.mx\/index.php?rest_route=%2Fwp%2Fv2%2Ftags&post=70403"}],"curies":[{"name":"wp","href":"https:\/\/api.w.org\/{rel}","templated":true}]}}