{"id":70412,"date":"2025-08-26T14:33:43","date_gmt":"2025-08-26T20:33:43","guid":{"rendered":"https:\/\/encuentroinformativo.com.mx\/?p=70412"},"modified":"2025-08-26T14:33:43","modified_gmt":"2025-08-26T20:33:43","slug":"ayuntamiento-mantendra-ferias-de-empleo-en-coordinacion-con-gobierno-daniela-griego","status":"publish","type":"post","link":"https:\/\/encuentroinformativo.com.mx\/?p=70412","title":{"rendered":"Ayuntamiento mantendr\u00e1 ferias de empleo en coordinaci\u00f3n con Gobierno: Daniela Griego"},"content":{"rendered":"<p><strong>Dar\u00edo Pale<\/strong><\/p>\n<p>Xalapa, Ver.- La alcaldesa electa de Xalapa, Daniela Griego Ceballos inform\u00f3 que el Ayuntamiento retomar\u00e1 la iniciativa de ferias de empleo en colaboraci\u00f3n con el gobierno del estado para apoyar a todos los sectores.<\/p>\n<p>&#8220;Para buscar opciones para los j\u00f3venes, para las mujeres, incluso para adultos mayores y personas con discapacidad&#8221;, indic\u00f3.<\/p>\n<p>Al respecto, la presidenta municipal electa hizo \u00e9nfasis en que tambi\u00e9n se buscar\u00e1 que las contrataciones se den en las mejores condiciones.<\/p>\n<p>&#8220;Tratar que esas contrataciones o esas vinculaciones entre gente que est\u00e1 buscando un empleo y las propias empresas que se den en las mejores condiciones, porque luego hay algunas denuncias de que los ocupan para otra cosa&#8221;, manifest\u00f3.<\/p>\n<p>Al respecto, Daniela Griego Ceballos destac\u00f3 que en este caso se trata de empresas debidamente constituidas.<\/p>\n<p>Asimismo, subray\u00f3 que hay buena relaci\u00f3n con las c\u00e1maras empresariales, &#8220;y que seguramente vamos a tratar con ellos de manera directa, incluso, habr\u00eda que involucrar a las universidades, a los tecnol\u00f3gicos, para que la vinculaci\u00f3n sea directa&#8221;.<\/p>\n<p>Daniela Griego expuso que hay una buena relaci\u00f3n con el secretario del Trabajo, por lo que confi\u00f3 en que no habr\u00e1 problema alguno para acercar a los xalape\u00f1os y el Ayuntamiento sirva de puente.<\/p>\n<p>Finalmente acerca de la contrataci\u00f3n de personal en su administraci\u00f3n, indic\u00f3 que lo mandata la Ley Org\u00e1nica, &#8220;lo tenemos que hacer, es un mandato de ley&#8221;.<\/p>\n","protected":false},"excerpt":{"rendered":"<p>Dar\u00edo Pale Xalapa, Ver.- La alcaldesa electa de Xalapa, Daniela Griego Ceballos inform\u00f3 que el Ayuntamiento retomar\u00e1 la iniciativa de ferias de empleo en colaboraci\u00f3n con el gobierno del estado para apoyar a todos los sectores. &#8220;Para buscar opciones para los j\u00f3venes, para las mujeres, incluso para adultos mayores y personas con discapacidad&#8221;, indic\u00f3. Al [&hellip;]<\/p>\n","protected":false},"author":2476,"featured_media":70413,"comment_status":"open","ping_status":"open","sticky":false,"template":"","format":"standard","meta":{"_jetpack_memberships_contains_paid_content":false,"footnotes":""},"categories":[3],"tags":[],"class_list":["post-70412","post","type-post","status-publish","format-standard","has-post-thumbnail","hentry","category-xalapa"],"jetpack_featured_media_url":"https:\/\/encuentroinformativo.com.mx\/wp-content\/uploads\/2025\/08\/IMG-20250826-WA0175.jpg","jetpack_sharing_enabled":true,"jetpack_likes_enabled":true,"amp_enabled":true,"_links":{"self":[{"href":"https:\/\/encuentroinformativo.com.mx\/index.php?rest_route=\/wp\/v2\/posts\/70412","targetHints":{"allow":["GET"]}}],"collection":[{"href":"https:\/\/encuentroinformativo.com.mx\/index.php?rest_route=\/wp\/v2\/posts"}],"about":[{"href":"https:\/\/encuentroinformativo.com.mx\/index.php?rest_route=\/wp\/v2\/types\/post"}],"author":[{"embeddable":true,"href":"https:\/\/encuentroinformativo.com.mx\/index.php?rest_route=\/wp\/v2\/users\/2476"}],"replies":[{"embeddable":true,"href":"https:\/\/encuentroinformativo.com.mx\/index.php?rest_route=%2Fwp%2Fv2%2Fcomments&post=70412"}],"version-history":[{"count":1,"href":"https:\/\/encuentroinformativo.com.mx\/index.php?rest_route=\/wp\/v2\/posts\/70412\/revisions"}],"predecessor-version":[{"id":70414,"href":"https:\/\/encuentroinformativo.com.mx\/index.php?rest_route=\/wp\/v2\/posts\/70412\/revisions\/70414"}],"wp:featuredmedia":[{"embeddable":true,"href":"https:\/\/encuentroinformativo.com.mx\/index.php?rest_route=\/wp\/v2\/media\/70413"}],"wp:attachment":[{"href":"https:\/\/encuentroinformativo.com.mx\/index.php?rest_route=%2Fwp%2Fv2%2Fmedia&parent=70412"}],"wp:term":[{"taxonomy":"category","embeddable":true,"href":"https:\/\/encuentroinformativo.com.mx\/index.php?rest_route=%2Fwp%2Fv2%2Fcategories&post=70412"},{"taxonomy":"post_tag","embeddable":true,"href":"https:\/\/encuentroinformativo.com.mx\/index.php?rest_route=%2Fwp%2Fv2%2Ftags&post=70412"}],"curies":[{"name":"wp","href":"https:\/\/api.w.org\/{rel}","templated":true}]}}