{"id":7042,"date":"2020-10-19T07:17:09","date_gmt":"2020-10-19T12:17:09","guid":{"rendered":"https:\/\/encuentroinformativo.com.mx\/?p=7042"},"modified":"2020-10-19T01:05:21","modified_gmt":"2020-10-19T06:05:21","slug":"yunes-y-el-general-cienfuegos","status":"publish","type":"post","link":"https:\/\/encuentroinformativo.com.mx\/?p=7042","title":{"rendered":"YUNES Y EL GENERAL CIENFUEGOS"},"content":{"rendered":"\n<p><strong>+ Influyente empresaria tunde a regidora buchona.<\/strong><\/p>\n\n\n\n<p><strong>+ PRI mantendr\u00eda sus bastiones en Coahuila e Hidalgo.<\/strong><\/p>\n\n\n\n<p><strong>+ El bodorrio de L\u00f3pez Obrador en Xalapa.<\/strong><\/p>\n\n\n\n<p><strong>+ El regidor de Yecuatla.<\/strong><\/p>\n\n\n\n<p><strong><em>Ojal\u00e1 llegue un pariente a ser diputado local&#8230;<\/em><\/strong><\/p>\n\n\n\n<p><strong><em>&#8211;Chopenjawer<\/em><\/strong><\/p>\n\n\n\n<p>No fueron pocos los que recordaron aquella ceremonia en la que el entonces gobernador de Veracruz, Miguel \u00c1ngel Yunes Linares, otorg\u00f3 la medalla &#8220;Adolfo Ruiz Cortines&#8221; al entonces secretario de la Defensa Nacional, Salvador Cienfuegos, hoy conocido como &#8220;El Padrino&#8221;, detenido en Estados Unidos por presunto narcotr\u00e1fico.<\/p>\n\n\n\n<p>Ese 3 de diciembre de 2017, finalizando el primer a\u00f1o de Yunes como gobernador, \u00e9ste le entreg\u00f3 la medalla y diploma \u201cAdolfo Ruiz Cortines 2017\u201d a las Secretar\u00edas de Marina (SEMAR) y de la Defensa Nacional (SEDENA), recibiendo los titulares, las distinciones.<\/p>\n\n\n\n<p>Y hay que remarcar lo anterior: la distinci\u00f3n se entreg\u00f3 a las instituciones, no a los secretarios; es decir, pudo haber estado otra persona encabezando la Secretar\u00eda de la Defensa Nacional y hubiese sido esa persona quien recibiera la medalla.<\/p>\n\n\n\n<p>No obstante, se duda que Yunes Linares (experto en seguridad, espionaje, tenebra pol\u00edtica y as\u00ed) no tuviera el dato de qui\u00e9n era la persona que ten\u00eda enfrente.<\/p>\n\n\n\n<p>Si por algo precisamente es conocido el exgobernador veracruzano, es por ser un hombre muy informado y tiene esa disciplina mental de tener un archivo detallado de cada persona que le interesa, tiene alto perfil o es cercano a \u00e9l y merece ser escaneado.<\/p>\n\n\n\n<p>Tambi\u00e9n es un hombre cauteloso y toma previsiones cuando se re\u00fane con personajes que podr\u00edan perjudicarle en su carrera pol\u00edtica; pero ni modo, le toc\u00f3 ese secretario de la Defensa Nacional.<\/p>\n\n\n\n<p>De hecho, su bienio se caracteriz\u00f3 por eventos violentos muy fuertes que nos hac\u00edan recordar las peores \u00e9pocas del fidelato y el duartismo: los cuerpos que fueron a tirar en zonas residenciales de Xalapa, como en el caso de El Tejar y la avenida Murillo Vidal; y la ejecuci\u00f3n del comisario Juan Camilo Castagn\u00e9 Velasco, alt\u00edsimo mando de la Polic\u00eda Federal en la entidad, algo que nunca hab\u00eda ocurrido en la historia policiaca de Veracruz.<\/p>\n\n\n\n<p>Yunes Linares, quiz\u00e1 con poco tiempo para armar una estrategia a corto plazo &#8211;aunque en campa\u00f1a presum\u00eda que se las sab\u00eda de todas-todas en esa materia&#8211; tuvo que recurrir a lo que hab\u00eda de inmediato: pedir la entrada del Ej\u00e9rcito Mexicano y regresar al esquema de las Polic\u00edas Municipales, pese a la gran corrupci\u00f3n en los gobiernos locales y el avance tremendo del narcotr\u00e1fico en varias regiones, por a\u00f1os desatendidas y protegidas por polic\u00edas y miembros de las fuerzas armadas corruptos.<\/p>\n\n\n\n<p>En cuanto a lo primero, pues lleg\u00f3 la Polic\u00eda Militar que Yunes presumi\u00f3 como un logro de su gobierno, aunque realmente no tuvo mayor impacto. De hecho sonaba raro la presencia de la PM en las calles, pues estos son m\u00e1s una corporaci\u00f3n interna dentro del Ej\u00e9rcito.<\/p>\n\n\n\n<p>De hecho, este domingo el diario REFORMA subraya en su nota principal titulada &#8220;Crece con Cienfuegos el crimen en estados&#8221; que en Veracruz, con el entonces gobernador Miguel \u00c1ngel Yunes, &#8220;los militares se hicieron cargo de la seguridad en varios municipios, pero la tasa de homicidios dolosos pas\u00f3 de 6.3 por cada 100 mil habitantes en 2015 a 17.7 en 2018, seg\u00fan cifras oficiales&#8221;.<\/p>\n\n\n\n<p>&#8220;Con Cienfuegos y en acuerdo con los gobernadores, los militares tomaron control en Sinaloa, Nayarit, Estado de M\u00e9xico, Veracruz, Puebla y Guerrero, entre otras entidades&#8230; En las dos primeras se consolid\u00f3 el poder de los c\u00e1rteles de El Chapo Guzm\u00e1n y del H-2, que, seg\u00fan las indagatorias estadounidenses, proteg\u00eda Cienfuegos. En el Edomex, la delincuencia creci\u00f3 exponencialmente; en Veracruz, se triplic\u00f3 el homicidio doloso; en Puebla, la orde\u00f1a creci\u00f3 mil por ciento&#8221;, dice el diario capitalino favorito del presidente L\u00f3pez Obrador.<\/p>\n\n\n\n<p>En la misma l\u00f3gica, tampoco se entender\u00eda que el general secretario haya aceptado recibir la medalla por parte del exgobernador, quien es se\u00f1alado (o al menos uno de sus incondicionales, Enrique P\u00e9rez Rodr\u00edguez) de haber ayudado en la primera fuga del &#8220;Chapo&#8221; Guzm\u00e1n, en enero de 2001.<\/p>\n\n\n\n<p>Pero bueno, al fin y al cabo, como dir\u00eda Michael Corleone, forman parte de la misma hipocres\u00eda.<\/p>\n\n\n\n<p><strong>NOTA PARA PEGAR EN EL REFRI:<\/strong> La muy influyente economista, empresaria y tiburona de peso pesado, Patricia Armend\u00e1riz, su sum\u00f3 tambi\u00e9n a la ola de cr\u00edticas por los videos de mal gusto de la regidora pri\u00edsta de Minatitl\u00e1n que se disfraza de Maicol Yakzon: &#8220;Qu\u00e9 asco. Literal&#8221;, escribi\u00f3 la empresaria en Twitter al compartir uno de los tantos videos que ya todos conocemos. Pa&#8217; puras verg\u00fcenzas&#8230; Usted disculpe, Do\u00f1a Paty, no todos los de Mina somos as\u00ed.<\/p>\n\n\n\n<p><strong>OTRA NOTA: <\/strong>Hasta anoche todo indicaba que el Partido Revolucionario Institucional mantendr\u00eda sus bastiones en los estados de Coahuila e Hidalgo, donde se realizaron elecciones locales. En el primero, se habr\u00edan quedado con casi todas las diputaciones locales y en la segunda tuvo un notable avance en las presidencias municipales. El que aparece debilitado en el panorama es el PAN; y Morena, definitivamente, no figura en esos dos estados donde el PRI sigue siendo un partido muy fuerte.<\/p>\n\n\n\n<p><strong>OTRA NOTA EXTRA: <\/strong>Lo narra el periodista Jos\u00e9 Ortiz Medina, en el portal Versiones: &#8220;Es Margarita, la Diosa de la Cumbia. La cantante baila con ritmo, pero no con agilidad. Pero le pone enjundia, sabor. Los invitados bailan. Los novios bailan. Arturo est\u00e1 feliz. Se cas\u00f3 con la ex colaboradora y ex amiga de Jessica Moreno Torres, ex Oficial Mayor de la SEV a la que se le detect\u00f3 un presunto desv\u00edo de 80 millones de pesos. Jessica tambi\u00e9n fue pareja sentimental de Arturo. Arturo L\u00f3pez Obrador y Maricarmen Rey Cedillo lucen felices. El banquete fue servido por una empresa procedente de la Ciudad de M\u00e9xico. Los platillos, las bebidas, los postres, de lo mejor\u2026 casi bocatto di cardinale. Fue de 4 tiempos: crema, ensalada, filete en salsa con verduras al vapor y de postre, pastel con caf\u00e9 de Coatepec. La tarde es \u00fanica. Tarde soleada en los jardines del restaurante Ameyali, de Las \u00c1nimas&#8221;&#8230; Si quiere saber el chisme completo, ya sabe d\u00f3nde verlo.<\/p>\n\n\n\n<p><strong>LA \u00daLTIMA PORQUE \u00a1PIZZAAAA TIMEEEE!: <\/strong>El joven regidor de Yecuatla, Joam Mart\u00ednez, est\u00e1 ech\u00e1ndole muchas ganas en esa regi\u00f3n ubicada en la zona monta\u00f1osa cercana a Xalapa. Ha trascendido en el servicio p\u00fablico y no se duda que se le vea muy seguido en otros cargos.<\/p>\n\n\n\n<p><strong>@pablojair<\/strong><\/p>\n","protected":false},"excerpt":{"rendered":"<p>+ Influyente empresaria tunde a regidora buchona. + PRI mantendr\u00eda sus bastiones en Coahuila e Hidalgo. + El bodorrio de L\u00f3pez Obrador en Xalapa. + El regidor de Yecuatla. Ojal\u00e1 llegue un pariente a ser diputado local&#8230; &#8211;Chopenjawer No fueron pocos los que recordaron aquella ceremonia en la que el entonces gobernador de Veracruz, Miguel [&hellip;]<\/p>\n","protected":false},"author":1,"featured_media":488,"comment_status":"open","ping_status":"open","sticky":false,"template":"","format":"standard","meta":{"_jetpack_memberships_contains_paid_content":false,"footnotes":""},"categories":[11],"tags":[],"class_list":["post-7042","post","type-post","status-publish","format-standard","has-post-thumbnail","hentry","category-opinion"],"jetpack_featured_media_url":"https:\/\/encuentroinformativo.com.mx\/wp-content\/uploads\/2020\/03\/F471F608-BA1A-416B-BA7B-BCFB24F4E6D0.jpeg","jetpack_sharing_enabled":true,"jetpack_likes_enabled":true,"amp_enabled":true,"_links":{"self":[{"href":"https:\/\/encuentroinformativo.com.mx\/index.php?rest_route=\/wp\/v2\/posts\/7042","targetHints":{"allow":["GET"]}}],"collection":[{"href":"https:\/\/encuentroinformativo.com.mx\/index.php?rest_route=\/wp\/v2\/posts"}],"about":[{"href":"https:\/\/encuentroinformativo.com.mx\/index.php?rest_route=\/wp\/v2\/types\/post"}],"author":[{"embeddable":true,"href":"https:\/\/encuentroinformativo.com.mx\/index.php?rest_route=\/wp\/v2\/users\/1"}],"replies":[{"embeddable":true,"href":"https:\/\/encuentroinformativo.com.mx\/index.php?rest_route=%2Fwp%2Fv2%2Fcomments&post=7042"}],"version-history":[{"count":1,"href":"https:\/\/encuentroinformativo.com.mx\/index.php?rest_route=\/wp\/v2\/posts\/7042\/revisions"}],"predecessor-version":[{"id":7043,"href":"https:\/\/encuentroinformativo.com.mx\/index.php?rest_route=\/wp\/v2\/posts\/7042\/revisions\/7043"}],"wp:featuredmedia":[{"embeddable":true,"href":"https:\/\/encuentroinformativo.com.mx\/index.php?rest_route=\/wp\/v2\/media\/488"}],"wp:attachment":[{"href":"https:\/\/encuentroinformativo.com.mx\/index.php?rest_route=%2Fwp%2Fv2%2Fmedia&parent=7042"}],"wp:term":[{"taxonomy":"category","embeddable":true,"href":"https:\/\/encuentroinformativo.com.mx\/index.php?rest_route=%2Fwp%2Fv2%2Fcategories&post=7042"},{"taxonomy":"post_tag","embeddable":true,"href":"https:\/\/encuentroinformativo.com.mx\/index.php?rest_route=%2Fwp%2Fv2%2Ftags&post=7042"}],"curies":[{"name":"wp","href":"https:\/\/api.w.org\/{rel}","templated":true}]}}