{"id":70425,"date":"2025-08-26T22:46:55","date_gmt":"2025-08-27T04:46:55","guid":{"rendered":"https:\/\/encuentroinformativo.com.mx\/?p=70425"},"modified":"2025-08-26T22:46:55","modified_gmt":"2025-08-27T04:46:55","slug":"ultima-morada-de-los-pequenos-duran-salazar-y-su-madre-en-san-andres-tuxtla","status":"publish","type":"post","link":"https:\/\/encuentroinformativo.com.mx\/?p=70425","title":{"rendered":"\u00daltima morada de los peque\u00f1os Dur\u00e1n Salazar y su madre en San Andr\u00e9s Tuxtla"},"content":{"rendered":"<p><strong>* Ofrecen un emotivo homenaje p\u00f3stumo en la escuela donde estudiaban dos de los infantes.<\/strong><\/p>\n<p><strong>Armando Azamar<\/strong><\/p>\n<p>San Andr\u00e9s Tuxtla, Ver.- Bajo un d\u00eda nublado y con gotas amargas que reflejaban la nostalgia y el dolor para familiares y amigos de la familia Dur\u00e1n Salazar, este martes 26 de agosto los cuerpos de Elma del Carmen Salazar Velasco de 33 a\u00f1os y sus tres peque\u00f1os hijos: Genesis de la Luz de 12 a\u00f1os, Mateo Ezequiel de 9 a\u00f1os y Lucas Isaac de 4 a\u00f1os de edad, partieron a su \u00faltima morada.<\/p>\n<p>Dejaron su hogar, esa casa que un d\u00eda estuvo llena de risas, juguetes que quedar\u00e1n guardados, momentos especiales que solo quedar\u00e1n en el limbo, en el recuerdo de sus seres queridos; es dif\u00edcil no sentir el hecho a flor de piel, cuando m\u00e1s que cubrir una nota period\u00edstica, te surgen el c\u00famulo de preguntas sin explicaci\u00f3n ante un suceso donde una familia entera se fue junta, porque incluso ni la muerte los pudo separar.<\/p>\n<p>Este martes, los cuerpos de Elma del Carmen y sus tres menores hijos, tuvieron un homenaje p\u00f3stumo en donde de lunes a viernes llevaba a G\u00e9nesis y a Mateo a recibir su educaci\u00f3n, la escuela primaria L\u00e1zaro C\u00e1rdenas de la colonia Buena Vista, les dio el \u00faltimo adi\u00f3s a sus dos escuelantes, pero tambi\u00e9n, a una madre de familia que a diario dejaba y recog\u00eda a sus hijos, en compa\u00f1\u00eda del peque\u00f1o Lucas.<\/p>\n<p>Maestros, alumnos y padres de familia se dispusieron a honrar su memoria con el pase de lista de G\u00e9nesis y Mateo. A\u00fan puedo oler ese aroma a rosas blancas que llevaban en las manos los peque\u00f1os estudiantes, y la inc\u00f3gnita en su mente tratando de digerir tan dif\u00edcil acontecimiento.<\/p>\n<p>Despu\u00e9s, los cuerpos partieron a catedral de San Jos\u00e9 y San Andr\u00e9s donde se ofici\u00f3 la misa de cuerpo presente. All\u00ed, m\u00e1s personas esperaban el arribo de la familia Dur\u00e1n Salazar para darles el \u00faltimo adi\u00f3s.<\/p>\n<p>\u201cDebemos estar preparados para morir\u201d, entre tantas palabras de aliento del padre encargado de oficiar la homil\u00eda, y entender que nada puede consolar a familiares y seres queridos completamente rotos ante la p\u00e9rdida de cinco integrantes.<\/p>\n<p>Tras salir de catedral, una lluvia penetrante se dej\u00f3 venir, como si la casualidad y la muerte se pusieran de acuerdo para ver llorar a un cielo que recibe en su reino a cinco almas que hoy ya descansan.<\/p>\n<p>Los f\u00e9retros fueron trasladados al pante\u00f3n de esta ciudad, el momento m\u00e1s dif\u00edcil lleg\u00f3, imposible que las lagrimas no escurran ante un hecho que no nos hace indiferentes como humanos.<\/p>\n<p>Del cuerpo de Stuart Humberto Dur\u00e1n Santander de 32 a\u00f1os de edad, fue sepultado en la ciudad de M\u00e9xico, luego de la decisi\u00f3n de su familia. Separados en la distancia pero unidos en el reino de Dios.<\/p>\n<p>Que en Paz Descansen.<\/p>\n<p><img loading=\"lazy\" decoding=\"async\" class=\"aligncenter size-medium wp-image-70427\" src=\"https:\/\/encuentroinformativo.com.mx\/wp-content\/uploads\/2025\/08\/IMG-20250826-WA0464-300x200.jpg\" alt=\"\" width=\"300\" height=\"200\" srcset=\"https:\/\/encuentroinformativo.com.mx\/wp-content\/uploads\/2025\/08\/IMG-20250826-WA0464-300x200.jpg 300w, https:\/\/encuentroinformativo.com.mx\/wp-content\/uploads\/2025\/08\/IMG-20250826-WA0464-1024x682.jpg 1024w, https:\/\/encuentroinformativo.com.mx\/wp-content\/uploads\/2025\/08\/IMG-20250826-WA0464-768x512.jpg 768w, https:\/\/encuentroinformativo.com.mx\/wp-content\/uploads\/2025\/08\/IMG-20250826-WA0464.jpg 1280w\" sizes=\"auto, (max-width: 300px) 100vw, 300px\" \/><\/p>\n","protected":false},"excerpt":{"rendered":"<p>* Ofrecen un emotivo homenaje p\u00f3stumo en la escuela donde estudiaban dos de los infantes. Armando Azamar San Andr\u00e9s Tuxtla, Ver.- Bajo un d\u00eda nublado y con gotas amargas que reflejaban la nostalgia y el dolor para familiares y amigos de la familia Dur\u00e1n Salazar, este martes 26 de agosto los cuerpos de Elma del [&hellip;]<\/p>\n","protected":false},"author":2476,"featured_media":70426,"comment_status":"open","ping_status":"open","sticky":false,"template":"","format":"standard","meta":{"_jetpack_memberships_contains_paid_content":false,"footnotes":""},"categories":[2],"tags":[],"class_list":["post-70425","post","type-post","status-publish","format-standard","has-post-thumbnail","hentry","category-estado"],"jetpack_featured_media_url":"https:\/\/encuentroinformativo.com.mx\/wp-content\/uploads\/2025\/08\/IMG-20250826-WA0460.jpg","jetpack_sharing_enabled":true,"jetpack_likes_enabled":true,"amp_enabled":true,"_links":{"self":[{"href":"https:\/\/encuentroinformativo.com.mx\/index.php?rest_route=\/wp\/v2\/posts\/70425","targetHints":{"allow":["GET"]}}],"collection":[{"href":"https:\/\/encuentroinformativo.com.mx\/index.php?rest_route=\/wp\/v2\/posts"}],"about":[{"href":"https:\/\/encuentroinformativo.com.mx\/index.php?rest_route=\/wp\/v2\/types\/post"}],"author":[{"embeddable":true,"href":"https:\/\/encuentroinformativo.com.mx\/index.php?rest_route=\/wp\/v2\/users\/2476"}],"replies":[{"embeddable":true,"href":"https:\/\/encuentroinformativo.com.mx\/index.php?rest_route=%2Fwp%2Fv2%2Fcomments&post=70425"}],"version-history":[{"count":1,"href":"https:\/\/encuentroinformativo.com.mx\/index.php?rest_route=\/wp\/v2\/posts\/70425\/revisions"}],"predecessor-version":[{"id":70428,"href":"https:\/\/encuentroinformativo.com.mx\/index.php?rest_route=\/wp\/v2\/posts\/70425\/revisions\/70428"}],"wp:featuredmedia":[{"embeddable":true,"href":"https:\/\/encuentroinformativo.com.mx\/index.php?rest_route=\/wp\/v2\/media\/70426"}],"wp:attachment":[{"href":"https:\/\/encuentroinformativo.com.mx\/index.php?rest_route=%2Fwp%2Fv2%2Fmedia&parent=70425"}],"wp:term":[{"taxonomy":"category","embeddable":true,"href":"https:\/\/encuentroinformativo.com.mx\/index.php?rest_route=%2Fwp%2Fv2%2Fcategories&post=70425"},{"taxonomy":"post_tag","embeddable":true,"href":"https:\/\/encuentroinformativo.com.mx\/index.php?rest_route=%2Fwp%2Fv2%2Ftags&post=70425"}],"curies":[{"name":"wp","href":"https:\/\/api.w.org\/{rel}","templated":true}]}}