{"id":70433,"date":"2025-08-27T10:53:59","date_gmt":"2025-08-27T16:53:59","guid":{"rendered":"https:\/\/encuentroinformativo.com.mx\/?p=70433"},"modified":"2025-08-27T10:53:59","modified_gmt":"2025-08-27T16:53:59","slug":"la-trascendencia-social-de-la-autonomia-universitaria-xi","status":"publish","type":"post","link":"https:\/\/encuentroinformativo.com.mx\/?p=70433","title":{"rendered":"La trascendencia social de la Autonom\u00eda Universitaria (XI)"},"content":{"rendered":"<p><strong>V\u00edctor A. Arredondo<\/strong><\/p>\n<p>\u25aa La crisis actual en la UV es inadmisible; fue provocada por la propia autoridad universitaria.<br \/>\n\u25aa Sus graves afectaciones se deben a la ambici\u00f3n personal y a los intereses<br \/>\nde un grupo pol\u00edtico.<br \/>\n\u25aa \u00bfExiste el plan de usar la UV como espacio de refugio y activismo de ese<br \/>\ngrupo aunque se afecte el bien com\u00fan?<\/p>\n<p>Hasta ahora, buena parte de la cr\u00edtica a la atroz maniobra de la pr\u00f3rroga, operada con antelaci\u00f3n por la rector\u00eda y algunos miembros de la Junta de Gobierno, se ha enfocado en los aspectos legales, en los pobres resultados de la actual administraci\u00f3n universitaria y en su reprobable control burocr\u00e1tico ejercido mediante amenazas. Una enorme cantidad de an\u00e1lisis bien sustentados ha coincidido en se\u00f1alar que la Junta de Gobierno recurri\u00f3 a un procedimiento fuera de la ley con el fin de extender cuatro a\u00f1os m\u00e1s el encargo de Mart\u00edn Aguilar en la rector\u00eda. Tambi\u00e9n han enfatizado que, adem\u00e1s de no cumplir con el requisito legal de la edad, no estuvo a la altura de lo que implica la conducci\u00f3n de una universidad de gran tradici\u00f3n y prestigio. Sin embargo, hay un tema que no se ha analizado profusamente, el del trasfondo pol\u00edtico de la actual crisis universitaria, causada por un grupo de inter\u00e9s extrauniversitario que amenaza la naturaleza, misi\u00f3n social y esencia cualitativa de sus funciones de docencia, investigaci\u00f3n, difusi\u00f3n cultural y extensionismo comunitario.<\/p>\n<p>Semanas antes del otorgamiento de la pr\u00f3rroga, el columnista Raymundo<br \/>\nJim\u00e9nez, premio estatal y nacional de periodismo, anticip\u00f3 la existencia de un grupo pol\u00edtico que hab\u00eda cooptado a la Junta de Gobierno y que manten\u00eda un oscuro contubernio con la rector\u00eda de la UV. Su an\u00e1lisis sobre ese inadmisible hecho, lo provoc\u00f3 la renuncia a la Junta de Gobierno de la doctora Mar\u00eda Ang\u00e9lica Buend\u00eda Espinosa \u201cen un claro deslinde del proceder del \u00f3rgano colegiado, al que<br \/>\nse\u00f1al\u00f3 como responsable de presiones internas\u201d. Recordemos que antes de ella, durante la administraci\u00f3n de Mart\u00edn Aguilar ya hab\u00edan renunciado tres miembros<br \/>\nm\u00e1s de la misma Junta de Gobierno (los doctores Alfredo S\u00e1nchez, Hugo<br \/>\nCasanova y Erika Maldonado) y que semanas despu\u00e9s de la decisi\u00f3n de la Dra. Buend\u00eda, sigui\u00f3 la renuncia de la Dra. Haydee Zisumbo Ram\u00edrez ante el inminente otorgamiento ilegal de la pr\u00f3rroga. Y no hay que descartar una pr\u00f3xima renuncia de uno de los siete miembros que cargan moralmente bajo sus espaldas la improcedente decisi\u00f3n de la pr\u00f3rroga. Estos acontecimientos debieron prender las<br \/>\nalarmas entre la comunidad universitaria por la inestabilidad interna y la evidente consigna dentro de ese \u00f3rgano que es controlado por Juan Manuel Pinos y Ernesto Isunza con el objetivo premeditado de distorsionar el proceso legal de<br \/>\ndesignaci\u00f3n de rector para asegurar la pr\u00f3rroga de Mart\u00edn Aguilar. De manera<br \/>\nextra\u00f1a, pero entendible, las noticias sobre esos acontecimientos de enorme gravedad eran minimizadas o escondidas por los \u00f3rganos oficiales de comunicaci\u00f3n de la Universidad Veracruzana.<\/p>\n<p>Regresando a la columna de Raymundo Jim\u00e9nez, ah\u00ed queda expl\u00edcita la militancia partidista de Ernesto Isunza, aguerrido promotor de Mart\u00edn Aguilar, quien es \u201csu colega\u201d desde tiempos estudiantiles. Otros miembros de ese grupo pol\u00edtico<br \/>\ngeneracional mencionados en ese art\u00edculo son el senador Manuel Huerta Ladr\u00f3n de Guevara, a quien me referir\u00e9 en el pr\u00f3ximo p\u00e1rrafo; Leticia Mora, quien presidi\u00f3 la Junta de Gobierno y se sabe que fue instrumental para la designacion hace<br \/>\ncuatro a\u00f1os del historiador Mart\u00edn Aguilar como rector; as\u00ed como Leopoldo Alafita y Sa\u00fal Moreno, actuales asesores de rector\u00eda. A esa lista yo a\u00f1adir\u00eda a dos historiadores m\u00e1s: Juan Ortiz Escamilla, quien usurp\u00f3 el cargo de Secretario<br \/>\nAcad\u00e9mico de la UV, al ser nombrado ilegalmente por la Junta de Gobierno y a petici\u00f3n de Mart\u00edn Aguilar, por no cumplir con el requisito de la edad; y a la vicerrectora de la regi\u00f3n Coatzacoalcos-Minatitl\u00e1n.<\/p>\n<p>El caso del senador Manuel Huerta Ladr\u00f3n de Guevara llama la atenci\u00f3n por su acentuado protagonismo pol\u00edtico, catalogado por la prensa veracruzana como antag\u00f3nico a la estructura del gobierno estatal. Al haber sido el primero en felicitar<br \/>\np\u00fablicamente la pr\u00f3rroga entregada por la Junta de Gobierno, cuando ya eran evidentes los m\u00faltiples reclamos sustentados sobre su ilegalidad, obliga a hacerle cuestionamientos: \u00bfes correcto que para un senador est\u00e9n primero los intereses de grupo y la amistad personal que la legalidad?, \u00bfacaso conviene que se asocie<br \/>\na la Universidad Veracruzana como rival del Gobierno de Veracruz, cuando la gobernadora Roc\u00edo Nahle ya hab\u00eda le\u00eddo de manera respetuosa los lineamientos legales que deben atenderse en la designaci\u00f3n del rector?, \u00bfacaso existe la intenci\u00f3n de su grupo pol\u00edtico de usar a la UV como refugio y plataforma pol\u00edtica?, \u00bfacaso no es clara la legislaci\u00f3n universitaria en el sentido de que la rector\u00eda debe ser ajena a intereses de grupos pol\u00edticos y econ\u00f3micos?<\/p>\n<p>La administraci\u00f3n universitaria que concluye en unos d\u00edas, porque las resoluciones de la Junta solo son irrevocables cuando cumplen con la legislaci\u00f3n universitaria, no parece haber entendido la naturaleza abierta y compleja de las universidades<br \/>\naut\u00f3nomas. Abierta, porque deben tomar como referente obligado las grandes demandas sociales y su responsabilidad ante la sociedad a la que se deben. Ello implica propiciar la colaboraci\u00f3n horizontal entre todas las disciplinas y funciones universitarias (docencia, investigaci\u00f3n, difusi\u00f3n cultural y extensionismo comunitario) con el fin de analizar integralmente los requerimientos del entorno<br \/>\nsocial, actuar eficazmente en la realidad concreta y ponderar de manera verificable su impacto en la sociedad. Y compleja, porque la din\u00e1mica actual del conocimiento y la tecnolog\u00eda conlleva ajustes institucionales oportunos que<br \/>\natiendan los fen\u00f3menos cambiantes de la realidad contempor\u00e1nea. Esto, para no permanecer como observadora insensible y pasiva ante los actuales sucesos y desarrollos cient\u00edfico-tecnol\u00f3gicos. De lo contrario, aminorar\u00eda su protagonismo<br \/>\nestatal, regional, nacional e internacional; tal y como ha sido el caso durante el rectorado de Mart\u00edn Aguilar. Es evidente que la Universidad Veracruzana ha<br \/>\nperdido liderazgo, salvo en las honrosas excepciones de acad\u00e9micos, administrativos y estudiantes que debieron magnificar sus esfuerzos ante el inexistente apoyo institucional. Pareciera que los directivos, asesores y colaboradores de rector\u00eda piensan que la sola expresi\u00f3n de ideas y discursos<br \/>\noficiales es suficiente para la transformaci\u00f3n social. No supieron conducir la ejecuci\u00f3n de proyectos basados en la colaboraci\u00f3n horizontal dirigida al mundo real, junto con la evaluaci\u00f3n y verificaci\u00f3n de su impacto en la sociedad.<\/p>\n<p>Una raz\u00f3n de ello es que la administraci\u00f3n que termina puso el \u00e9nfasis en el control burocr\u00e1tico m\u00e1s que en la promoci\u00f3n y aplicaci\u00f3n del talento que existe entre las diversas disciplinas y regiones de la universidad. Ello se debe, entre<br \/>\notras razones, al perfil acad\u00e9mico poco diverso de los colaboradores del rector.<\/p>\n<p>Parece que se le otorg\u00f3 mayor prioridad a la cercan\u00eda y lealtad del equipo jer\u00e1rquico de Mart\u00edn Aguilar y a que fueran afines disciplinariamente (en su mayor\u00eda son historiadores, soci\u00f3logos, administradores). Esa fallida decisi\u00f3n redujo notablemente la representatividad institucional de su equipo y el abanico disciplinario indispensable para una visi\u00f3n integral y actualizada del entorno y del<br \/>\ncorrespondiente quehacer universitario, materializado en un proyecto acad\u00e9mico innovador que nunca existi\u00f3. La notable ausencia en su equipo de aut\u00e9nticos educadores y su obsoleta formaci\u00f3n ideol\u00f3gica que apuesta al resentimiento social<br \/>\nen lugar del empoderamiento de la sociedad, mediante el fomento de una<br \/>\neducaci\u00f3n progresista basada en el conocimiento de frontera, la justicia y la solidaridad, inhibi\u00f3 su capacidad de entender los grandes desaf\u00edos que enfrenta la universidad contempor\u00e1nea.<\/p>\n<p>El balance de todo lo anterior es preocupante, pareciera que la actual<br \/>\nadministraci\u00f3n universitaria se concentr\u00f3 de manera prioritaria en la grilla, el control y el aseguramiento de las condiciones para permanecer en la rector\u00eda a costa de cualquier medio. Por ello se explica el tiempo dedicado a la recomposici\u00f3n de una Junta de Gobierno manipulable, recurriendo a presiones para lograr renuncias de quienes resultaban inc\u00f3modos y a maniobras premeditadas para lograr que el Consejo Universitario los supliera gradualmente por miembros leales. Eso explica la reciente intervenci\u00f3n del secretario<br \/>\nacad\u00e9mico Ortiz Escamilla para colocar en la Junta de Gobierno a su \u00edntimo colega de tantos a\u00f1os, el Dr. Ariel Rodr\u00edguez Kuri quien deber\u00eda renunciar si es que le preocupa su trayectoria profesional, a menos que las promesas sean mayores que su dignidad. Una muy disminuida prioridad se le otorg\u00f3 a acrecentar<br \/>\nel futuro brillante de la Universidad Veracruzana, sin importar la afectaci\u00f3n de las condiciones de trabajo del personal, las gestiones necesarias para asegurar el<br \/>\nsubsidio p\u00fablico completo, la ampliaci\u00f3n de alianzas con los sectores externos, un mayor impacto social del quehacer universitario, la diversificaci\u00f3n de las fuentes<br \/>\nde ingresos institucionales; pero principalmente, la formaci\u00f3n de egresados con la m\u00edstica de convertirse en due\u00f1os de su destino y protagonistas trascendentes de<br \/>\nsu generaci\u00f3n.<\/p>\n<p>La carga que trae Mart\u00edn Aguilar a cuestas por el inesperado y creciente rechazo de la comunidad universitaria y el aplastante ambiente social en su contra y que, lamentablemente, tambi\u00e9n lo sufre su familia, lo deber\u00eda llevar a considerar seriamente renunciar a la pretensi\u00f3n de una pr\u00f3rroga que no procede. Ante el<br \/>\njuicio de la historia podr\u00e1 quedar como el art\u00edfice de la ilegalidad en la Universidad Veracruzana, lo que perjudicar\u00eda tambi\u00e9n a la instituci\u00f3n que pretende conducir, o como alguien que supo enmendar su error. De persistir en su intento,<br \/>\nacrecentando las consecuencias personales e institucionales adversas, no podr\u00eda entenderse m\u00e1s que por la presi\u00f3n de un grupo pol\u00edtico cuyos intereses no est\u00e1n puestos en el bien com\u00fan sino en inalcanzables beneficios de quienes no supieron<br \/>\ndimensionar la importancia estrat\u00e9gica, la trayectoria y el potencial de la m\u00e1xima casa de estudios de los veracruzanos.<\/p>\n","protected":false},"excerpt":{"rendered":"<p>V\u00edctor A. Arredondo \u25aa La crisis actual en la UV es inadmisible; fue provocada por la propia autoridad universitaria. \u25aa Sus graves afectaciones se deben a la ambici\u00f3n personal y a los intereses de un grupo pol\u00edtico. \u25aa \u00bfExiste el plan de usar la UV como espacio de refugio y activismo de ese grupo aunque [&hellip;]<\/p>\n","protected":false},"author":2476,"featured_media":387,"comment_status":"open","ping_status":"open","sticky":false,"template":"","format":"standard","meta":{"_jetpack_memberships_contains_paid_content":false,"footnotes":""},"categories":[11],"tags":[],"class_list":["post-70433","post","type-post","status-publish","format-standard","has-post-thumbnail","hentry","category-opinion"],"jetpack_featured_media_url":"https:\/\/encuentroinformativo.com.mx\/wp-content\/uploads\/2020\/03\/7CF8A22B-2764-47BE-8F7F-38FE9E5D6A2F.jpeg","jetpack_sharing_enabled":true,"jetpack_likes_enabled":true,"amp_enabled":true,"_links":{"self":[{"href":"https:\/\/encuentroinformativo.com.mx\/index.php?rest_route=\/wp\/v2\/posts\/70433","targetHints":{"allow":["GET"]}}],"collection":[{"href":"https:\/\/encuentroinformativo.com.mx\/index.php?rest_route=\/wp\/v2\/posts"}],"about":[{"href":"https:\/\/encuentroinformativo.com.mx\/index.php?rest_route=\/wp\/v2\/types\/post"}],"author":[{"embeddable":true,"href":"https:\/\/encuentroinformativo.com.mx\/index.php?rest_route=\/wp\/v2\/users\/2476"}],"replies":[{"embeddable":true,"href":"https:\/\/encuentroinformativo.com.mx\/index.php?rest_route=%2Fwp%2Fv2%2Fcomments&post=70433"}],"version-history":[{"count":2,"href":"https:\/\/encuentroinformativo.com.mx\/index.php?rest_route=\/wp\/v2\/posts\/70433\/revisions"}],"predecessor-version":[{"id":70435,"href":"https:\/\/encuentroinformativo.com.mx\/index.php?rest_route=\/wp\/v2\/posts\/70433\/revisions\/70435"}],"wp:featuredmedia":[{"embeddable":true,"href":"https:\/\/encuentroinformativo.com.mx\/index.php?rest_route=\/wp\/v2\/media\/387"}],"wp:attachment":[{"href":"https:\/\/encuentroinformativo.com.mx\/index.php?rest_route=%2Fwp%2Fv2%2Fmedia&parent=70433"}],"wp:term":[{"taxonomy":"category","embeddable":true,"href":"https:\/\/encuentroinformativo.com.mx\/index.php?rest_route=%2Fwp%2Fv2%2Fcategories&post=70433"},{"taxonomy":"post_tag","embeddable":true,"href":"https:\/\/encuentroinformativo.com.mx\/index.php?rest_route=%2Fwp%2Fv2%2Ftags&post=70433"}],"curies":[{"name":"wp","href":"https:\/\/api.w.org\/{rel}","templated":true}]}}