{"id":70440,"date":"2025-08-27T12:58:11","date_gmt":"2025-08-27T18:58:11","guid":{"rendered":"https:\/\/encuentroinformativo.com.mx\/?p=70440"},"modified":"2025-08-27T12:58:11","modified_gmt":"2025-08-27T18:58:11","slug":"atendera-cfe-desabasto-de-energia-en-alvarado-beto-cobos","status":"publish","type":"post","link":"https:\/\/encuentroinformativo.com.mx\/?p=70440","title":{"rendered":"Atender\u00e1 CFE desabasto de energ\u00eda en Alvarado: Beto Cobos\u00a0"},"content":{"rendered":"<p><strong>Alejandro \u00c1vila<\/strong><\/p>\n<p>Veracruz, Ver.- El alcalde electo de Alvarado, Alberto \u00c1ngel Cobos M\u00e1rquez, dio a conocer que sostuvo una reuni\u00f3n con el Superintendente de Comisi\u00f3n Federal de Electricidad, Jos\u00e9 Luis Hern\u00e1ndez Hip\u00f3lito, &#8220;quien le inform\u00f3 sobre las maniobras para erradicar el desabasto de energ\u00eda el\u00e9ctrica en el municipio.<\/p>\n<p>En entrevista mencion\u00f3 que, se har\u00e1 el cambio de varios transformadores, as\u00ed como la modificaci\u00f3n de cableado y ampliaci\u00f3n de red.<\/p>\n<p>&#8220;Ya est\u00e1n trabajando, por ejemplo en Ant\u00f3n Lizardo est\u00e1n realizando el cambio de transformadores y esa es una parte que me alegra porque significa que vamos a tener una muy buena relaci\u00f3n con CFE (&#8230;) creo que es un problema paulatino que tenemos que ir trabajando, lo de la energ\u00eda el\u00e9ctrica es un es un problema nacional y estatal, tenemos que comenzar con el cambio de transformadores, del cableado, de las ampliaciones como tal, tenemos que ir de la mano federaci\u00f3n municipio (&#8230;) son los transformadores que no est\u00e1n abasteciendo, es decir, ten\u00edan una capacidad cuando fueron puestos y hoy en d\u00eda tienen m\u00e1s unidades y por ende el suministro que est\u00e1 llegando es mucho menor&#8221;, subray\u00f3.<\/p>\n<p>Beto Cobos dijo que ya solicit\u00f3 una reuni\u00f3n con el encargado de la Comisi\u00f3n del Agua del Estado de Veracruz (CAEV) pues revisar\u00e1 cual es la situaci\u00f3n de la dependencia estatal en el municipio debido a las altas quejas que hay sobre su funcionamiento.<\/p>\n<p>&#8220;Tendr\u00edamos que escuchar que ser\u00eda m\u00e1s viable y mejor para la ciudadan\u00eda, por eso tenemos que platicar con ellos para escuchar la parte t\u00e9cnica, jur\u00eddica y financiera del organismo que montan para tomar la decisi\u00f3n&#8221;, culmin\u00f3.<\/p>\n","protected":false},"excerpt":{"rendered":"<p>Alejandro \u00c1vila Veracruz, Ver.- El alcalde electo de Alvarado, Alberto \u00c1ngel Cobos M\u00e1rquez, dio a conocer que sostuvo una reuni\u00f3n con el Superintendente de Comisi\u00f3n Federal de Electricidad, Jos\u00e9 Luis Hern\u00e1ndez Hip\u00f3lito, &#8220;quien le inform\u00f3 sobre las maniobras para erradicar el desabasto de energ\u00eda el\u00e9ctrica en el municipio. En entrevista mencion\u00f3 que, se har\u00e1 el [&hellip;]<\/p>\n","protected":false},"author":2476,"featured_media":70441,"comment_status":"open","ping_status":"open","sticky":false,"template":"","format":"standard","meta":{"_jetpack_memberships_contains_paid_content":false,"footnotes":""},"categories":[2],"tags":[],"class_list":["post-70440","post","type-post","status-publish","format-standard","has-post-thumbnail","hentry","category-estado"],"jetpack_featured_media_url":"https:\/\/encuentroinformativo.com.mx\/wp-content\/uploads\/2025\/08\/IMG-20250827-WA01442-scaled.jpg","jetpack_sharing_enabled":true,"jetpack_likes_enabled":true,"amp_enabled":true,"_links":{"self":[{"href":"https:\/\/encuentroinformativo.com.mx\/index.php?rest_route=\/wp\/v2\/posts\/70440","targetHints":{"allow":["GET"]}}],"collection":[{"href":"https:\/\/encuentroinformativo.com.mx\/index.php?rest_route=\/wp\/v2\/posts"}],"about":[{"href":"https:\/\/encuentroinformativo.com.mx\/index.php?rest_route=\/wp\/v2\/types\/post"}],"author":[{"embeddable":true,"href":"https:\/\/encuentroinformativo.com.mx\/index.php?rest_route=\/wp\/v2\/users\/2476"}],"replies":[{"embeddable":true,"href":"https:\/\/encuentroinformativo.com.mx\/index.php?rest_route=%2Fwp%2Fv2%2Fcomments&post=70440"}],"version-history":[{"count":1,"href":"https:\/\/encuentroinformativo.com.mx\/index.php?rest_route=\/wp\/v2\/posts\/70440\/revisions"}],"predecessor-version":[{"id":70442,"href":"https:\/\/encuentroinformativo.com.mx\/index.php?rest_route=\/wp\/v2\/posts\/70440\/revisions\/70442"}],"wp:featuredmedia":[{"embeddable":true,"href":"https:\/\/encuentroinformativo.com.mx\/index.php?rest_route=\/wp\/v2\/media\/70441"}],"wp:attachment":[{"href":"https:\/\/encuentroinformativo.com.mx\/index.php?rest_route=%2Fwp%2Fv2%2Fmedia&parent=70440"}],"wp:term":[{"taxonomy":"category","embeddable":true,"href":"https:\/\/encuentroinformativo.com.mx\/index.php?rest_route=%2Fwp%2Fv2%2Fcategories&post=70440"},{"taxonomy":"post_tag","embeddable":true,"href":"https:\/\/encuentroinformativo.com.mx\/index.php?rest_route=%2Fwp%2Fv2%2Ftags&post=70440"}],"curies":[{"name":"wp","href":"https:\/\/api.w.org\/{rel}","templated":true}]}}