{"id":70443,"date":"2025-08-27T13:05:08","date_gmt":"2025-08-27T19:05:08","guid":{"rendered":"https:\/\/encuentroinformativo.com.mx\/?p=70443"},"modified":"2025-08-27T13:05:08","modified_gmt":"2025-08-27T19:05:08","slug":"onda-tropical-26-provoca-mini-tornado-en-ixhuatlan-del-sureste","status":"publish","type":"post","link":"https:\/\/encuentroinformativo.com.mx\/?p=70443","title":{"rendered":"Onda tropical 26 provoca mini tornado en Ixhuatl\u00e1n del Sureste"},"content":{"rendered":"<p><strong>Jos\u00e9 Vargas<\/strong><\/p>\n<p>Ixhuatl\u00e1n del Sureste, Ver.- Los efectos de la onda tropical n\u00famero 26 dejaron serias afectaciones en la regi\u00f3n sur de Veracruz, luego de que un mini tornado sorprendiera la tarde de este mi\u00e9rcoles a habitantes de la villa del Esp\u00edritu Santo, en el municipio de Ixhuatl\u00e1n del Sureste.<\/p>\n<p>El fen\u00f3meno derrib\u00f3 dos torres de alta tensi\u00f3n, lo que ocasion\u00f3 la suspensi\u00f3n del suministro el\u00e9ctrico en varios municipios del sur, generando alarma entre la poblaci\u00f3n por la magnitud de los da\u00f1os.<\/p>\n<p>De acuerdo con las autoridades, personal especializado de la Comisi\u00f3n Federal de Electricidad (CFE) se movilizar\u00e1 en las pr\u00f3ximas horas para iniciar las labores de reparaci\u00f3n y restablecer gradualmente el servicio.<\/p>\n<p>Protecci\u00f3n Civil pidi\u00f3 a los ciudadanos mantenerse atentos a los avisos oficiales y extremar precauciones, ya que se prev\u00e9 que contin\u00faen las lluvias y tormentas el\u00e9ctricas en la regi\u00f3n por el paso de la onda tropical 26.<\/p>\n<p><img loading=\"lazy\" decoding=\"async\" class=\"aligncenter size-medium wp-image-70446\" src=\"https:\/\/encuentroinformativo.com.mx\/wp-content\/uploads\/2025\/08\/IMG-20250827-WA0081-300x171.jpg\" alt=\"\" width=\"300\" height=\"171\" srcset=\"https:\/\/encuentroinformativo.com.mx\/wp-content\/uploads\/2025\/08\/IMG-20250827-WA0081-300x171.jpg 300w, https:\/\/encuentroinformativo.com.mx\/wp-content\/uploads\/2025\/08\/IMG-20250827-WA0081-1024x582.jpg 1024w, https:\/\/encuentroinformativo.com.mx\/wp-content\/uploads\/2025\/08\/IMG-20250827-WA0081-768x437.jpg 768w, https:\/\/encuentroinformativo.com.mx\/wp-content\/uploads\/2025\/08\/IMG-20250827-WA0081.jpg 1170w\" sizes=\"auto, (max-width: 300px) 100vw, 300px\" \/><\/p>\n","protected":false},"excerpt":{"rendered":"<p>Jos\u00e9 Vargas Ixhuatl\u00e1n del Sureste, Ver.- Los efectos de la onda tropical n\u00famero 26 dejaron serias afectaciones en la regi\u00f3n sur de Veracruz, luego de que un mini tornado sorprendiera la tarde de este mi\u00e9rcoles a habitantes de la villa del Esp\u00edritu Santo, en el municipio de Ixhuatl\u00e1n del Sureste. El fen\u00f3meno derrib\u00f3 dos torres [&hellip;]<\/p>\n","protected":false},"author":2476,"featured_media":70444,"comment_status":"open","ping_status":"open","sticky":false,"template":"","format":"standard","meta":{"_jetpack_memberships_contains_paid_content":false,"footnotes":""},"categories":[2],"tags":[],"class_list":["post-70443","post","type-post","status-publish","format-standard","has-post-thumbnail","hentry","category-estado"],"jetpack_featured_media_url":"https:\/\/encuentroinformativo.com.mx\/wp-content\/uploads\/2025\/08\/IMG-20250827-WA0083.jpg","jetpack_sharing_enabled":true,"jetpack_likes_enabled":true,"amp_enabled":true,"_links":{"self":[{"href":"https:\/\/encuentroinformativo.com.mx\/index.php?rest_route=\/wp\/v2\/posts\/70443","targetHints":{"allow":["GET"]}}],"collection":[{"href":"https:\/\/encuentroinformativo.com.mx\/index.php?rest_route=\/wp\/v2\/posts"}],"about":[{"href":"https:\/\/encuentroinformativo.com.mx\/index.php?rest_route=\/wp\/v2\/types\/post"}],"author":[{"embeddable":true,"href":"https:\/\/encuentroinformativo.com.mx\/index.php?rest_route=\/wp\/v2\/users\/2476"}],"replies":[{"embeddable":true,"href":"https:\/\/encuentroinformativo.com.mx\/index.php?rest_route=%2Fwp%2Fv2%2Fcomments&post=70443"}],"version-history":[{"count":2,"href":"https:\/\/encuentroinformativo.com.mx\/index.php?rest_route=\/wp\/v2\/posts\/70443\/revisions"}],"predecessor-version":[{"id":70447,"href":"https:\/\/encuentroinformativo.com.mx\/index.php?rest_route=\/wp\/v2\/posts\/70443\/revisions\/70447"}],"wp:featuredmedia":[{"embeddable":true,"href":"https:\/\/encuentroinformativo.com.mx\/index.php?rest_route=\/wp\/v2\/media\/70444"}],"wp:attachment":[{"href":"https:\/\/encuentroinformativo.com.mx\/index.php?rest_route=%2Fwp%2Fv2%2Fmedia&parent=70443"}],"wp:term":[{"taxonomy":"category","embeddable":true,"href":"https:\/\/encuentroinformativo.com.mx\/index.php?rest_route=%2Fwp%2Fv2%2Fcategories&post=70443"},{"taxonomy":"post_tag","embeddable":true,"href":"https:\/\/encuentroinformativo.com.mx\/index.php?rest_route=%2Fwp%2Fv2%2Ftags&post=70443"}],"curies":[{"name":"wp","href":"https:\/\/api.w.org\/{rel}","templated":true}]}}