{"id":70451,"date":"2025-08-27T14:18:04","date_gmt":"2025-08-27T20:18:04","guid":{"rendered":"https:\/\/encuentroinformativo.com.mx\/?p=70451"},"modified":"2025-08-27T14:18:04","modified_gmt":"2025-08-27T20:18:04","slug":"transportistas-piden-reglas-claras-sobre-operacion-de-camiones-ulua","status":"publish","type":"post","link":"https:\/\/encuentroinformativo.com.mx\/?p=70451","title":{"rendered":"Transportistas piden reglas claras sobre operaci\u00f3n de camiones Ul\u00faa"},"content":{"rendered":"<p><strong>Dar\u00edo Pale<\/strong><\/p>\n<p>Xalapa, Ver.- Alfonso Enr\u00edquez Boussart, vicepresidente de la Asociaci\u00f3n de Transportistas del Estado de Veracruz, se\u00f1al\u00f3 que a\u00fan existen muchas dudas con relaci\u00f3n al programa de modernizaci\u00f3n del transporte p\u00fablico &#8220;Ul\u00faa&#8221;, por lo que piden al gobierno expliquen las reglas de manera clara y detallada.<\/p>\n<p>Dio a conocer que cien nuevas unidades h\u00edbridas est\u00e1n por llegar aproximadamente en 15 d\u00edas para que comiencen a operar en la zona conurbada Veracruz-Boca del R\u00edo en diez rutas, sin embargo, los transportistas desconocen los detalles.<\/p>\n<p>Ignoran de cu\u00e1nto ser\u00e1 el precio del pasaje, si es que aumentar\u00e1 o si se quedar\u00e1 como hasta el momento.<\/p>\n<p>Si bien dijo que hay un fideicomiso donde participan las secretar\u00edas de Gobierno, Seguridad P\u00fablica, Finanzas, as\u00ed como representantes de transportistas, s\u00f3lo se les ha informado que las unidades las adquirir\u00e1 el gobierno del estado y el 20 por ciento se va a fondo perdido.<\/p>\n<p>No obstante, coment\u00f3 que la administraci\u00f3n estatal lleva a cabo estudios para determinar c\u00f3mo se recuperar\u00e1 el monto de la inversi\u00f3n.<\/p>\n<p>El proyecto plantea que se modernicen, primero, en la ciudad de Veracruz, luego Coatzacoalcos, las ciudades m\u00e1s grandes y poder sustituir unidades en todo el territorio estatal.<\/p>\n<p>Pero prevalecen las dudas, primero, sobre de cu\u00e1nto podr\u00edan ser las tarifas, luego, si las unidades ser\u00e1n h\u00edbridas o el\u00e9ctricas, porque, se\u00f1ala el dirigente, en ciudades de otros estados se han presentado problemas para cargar unidades el\u00e9ctricas, ya que se carece de infraestructura para tal fin.<\/p>\n<p>En la entidad veracruzana existen aproximadamente 10 mil unidades del transporte p\u00fablico en su modalidad de urbanos, y en el puerto de Veracruz entre 2,500 y 3 mil camiones.<\/p>\n<p>El entrevistado consider\u00f3 que aproximadamente el 80 por ciento de las unidades de transporte &#8220;est\u00e1n fuera de rango, porque no se han renovado, por qu\u00e9, por el tema tarifario, porque tiene 14 a\u00f1os sin actualizarse&#8221;.<\/p>\n<p>El dirigente precis\u00f3 que el tipo de autobuses que se pretende introducir no funcionar\u00e1 para todas las zonas por la misma ortograf\u00eda del territorio estatal.<\/p>\n","protected":false},"excerpt":{"rendered":"<p>Dar\u00edo Pale Xalapa, Ver.- Alfonso Enr\u00edquez Boussart, vicepresidente de la Asociaci\u00f3n de Transportistas del Estado de Veracruz, se\u00f1al\u00f3 que a\u00fan existen muchas dudas con relaci\u00f3n al programa de modernizaci\u00f3n del transporte p\u00fablico &#8220;Ul\u00faa&#8221;, por lo que piden al gobierno expliquen las reglas de manera clara y detallada. Dio a conocer que cien nuevas unidades h\u00edbridas [&hellip;]<\/p>\n","protected":false},"author":2476,"featured_media":70452,"comment_status":"open","ping_status":"open","sticky":false,"template":"","format":"standard","meta":{"_jetpack_memberships_contains_paid_content":false,"footnotes":""},"categories":[2],"tags":[],"class_list":["post-70451","post","type-post","status-publish","format-standard","has-post-thumbnail","hentry","category-estado"],"jetpack_featured_media_url":"https:\/\/encuentroinformativo.com.mx\/wp-content\/uploads\/2025\/08\/IMG-20250827-WA01902.jpg","jetpack_sharing_enabled":true,"jetpack_likes_enabled":true,"amp_enabled":true,"_links":{"self":[{"href":"https:\/\/encuentroinformativo.com.mx\/index.php?rest_route=\/wp\/v2\/posts\/70451","targetHints":{"allow":["GET"]}}],"collection":[{"href":"https:\/\/encuentroinformativo.com.mx\/index.php?rest_route=\/wp\/v2\/posts"}],"about":[{"href":"https:\/\/encuentroinformativo.com.mx\/index.php?rest_route=\/wp\/v2\/types\/post"}],"author":[{"embeddable":true,"href":"https:\/\/encuentroinformativo.com.mx\/index.php?rest_route=\/wp\/v2\/users\/2476"}],"replies":[{"embeddable":true,"href":"https:\/\/encuentroinformativo.com.mx\/index.php?rest_route=%2Fwp%2Fv2%2Fcomments&post=70451"}],"version-history":[{"count":1,"href":"https:\/\/encuentroinformativo.com.mx\/index.php?rest_route=\/wp\/v2\/posts\/70451\/revisions"}],"predecessor-version":[{"id":70453,"href":"https:\/\/encuentroinformativo.com.mx\/index.php?rest_route=\/wp\/v2\/posts\/70451\/revisions\/70453"}],"wp:featuredmedia":[{"embeddable":true,"href":"https:\/\/encuentroinformativo.com.mx\/index.php?rest_route=\/wp\/v2\/media\/70452"}],"wp:attachment":[{"href":"https:\/\/encuentroinformativo.com.mx\/index.php?rest_route=%2Fwp%2Fv2%2Fmedia&parent=70451"}],"wp:term":[{"taxonomy":"category","embeddable":true,"href":"https:\/\/encuentroinformativo.com.mx\/index.php?rest_route=%2Fwp%2Fv2%2Fcategories&post=70451"},{"taxonomy":"post_tag","embeddable":true,"href":"https:\/\/encuentroinformativo.com.mx\/index.php?rest_route=%2Fwp%2Fv2%2Ftags&post=70451"}],"curies":[{"name":"wp","href":"https:\/\/api.w.org\/{rel}","templated":true}]}}