{"id":70457,"date":"2025-08-28T11:22:46","date_gmt":"2025-08-28T17:22:46","guid":{"rendered":"https:\/\/encuentroinformativo.com.mx\/?p=70457"},"modified":"2025-08-28T11:22:46","modified_gmt":"2025-08-28T17:22:46","slug":"coloca-pma-modulos-itinerantes-para-recibir-denuncias","status":"publish","type":"post","link":"https:\/\/encuentroinformativo.com.mx\/?p=70457","title":{"rendered":"Coloca PMA m\u00f3dulos itinerantes para recibir denuncias\u00a0"},"content":{"rendered":"<p><strong>Alejandro \u00c1vila<\/strong><\/p>\n<p>Veracruz, Ver.- A partir de la segunda quincena de agosto la Procuradur\u00eda de Medio Ambiente inici\u00f3 con la colocaci\u00f3n de m\u00f3dulos y itinerantes para recibir denuncias sobre afectaciones al medio ambiente en la entidad veracruzana.<\/p>\n<p>Jorge Luis L\u00f3pez Juli\u00e1n, integrante de la PMA dio a conocer que el primer m\u00f3dulo itinerante se coloc\u00f3 en el Aquarium de Veracruz y, a partir de este jueves se instalaron en los bajos del Palacio Municipal de Veracruz.<\/p>\n<p>&#8220;Lo que recibimos de las denuncias ciudadanas es de revisiones sobre la quema de basura, algunos escombros que dejaron en banquetas, de igual manera temas de aguas residuales, y esas fueron m\u00e1s que nada la mayor parte de las denuncias (&#8230;) lo que contin\u00faa seg\u00fan el procedimiento, se analiza, se llegan a acuerdos en el cual a trav\u00e9s de oficio se se da a canalizar a medio ambiente del municipio de Veracruz o de donde sea la causa donde radica la problem\u00e1tica&#8221;, mencion\u00f3 el encargado de Atenci\u00f3n Ciudadana de PMA, Sa\u00fal L\u00f3pez de la Cruz.<\/p>\n<p>Estos m\u00f3dulos itinerantes se ir\u00e1n expandiendo por todo el territorio veracruzano, posteriormente se colocar\u00e1n en municipios de la zona norte, y continuar\u00e1n con la zona centro y sur.<\/p>\n","protected":false},"excerpt":{"rendered":"<p>Alejandro \u00c1vila Veracruz, Ver.- A partir de la segunda quincena de agosto la Procuradur\u00eda de Medio Ambiente inici\u00f3 con la colocaci\u00f3n de m\u00f3dulos y itinerantes para recibir denuncias sobre afectaciones al medio ambiente en la entidad veracruzana. Jorge Luis L\u00f3pez Juli\u00e1n, integrante de la PMA dio a conocer que el primer m\u00f3dulo itinerante se coloc\u00f3 [&hellip;]<\/p>\n","protected":false},"author":2476,"featured_media":70458,"comment_status":"open","ping_status":"open","sticky":false,"template":"","format":"standard","meta":{"_jetpack_memberships_contains_paid_content":false,"footnotes":""},"categories":[2],"tags":[],"class_list":["post-70457","post","type-post","status-publish","format-standard","has-post-thumbnail","hentry","category-estado"],"jetpack_featured_media_url":"https:\/\/encuentroinformativo.com.mx\/wp-content\/uploads\/2025\/08\/IMG-20250828-WA0070.jpg","jetpack_sharing_enabled":true,"jetpack_likes_enabled":true,"amp_enabled":true,"_links":{"self":[{"href":"https:\/\/encuentroinformativo.com.mx\/index.php?rest_route=\/wp\/v2\/posts\/70457","targetHints":{"allow":["GET"]}}],"collection":[{"href":"https:\/\/encuentroinformativo.com.mx\/index.php?rest_route=\/wp\/v2\/posts"}],"about":[{"href":"https:\/\/encuentroinformativo.com.mx\/index.php?rest_route=\/wp\/v2\/types\/post"}],"author":[{"embeddable":true,"href":"https:\/\/encuentroinformativo.com.mx\/index.php?rest_route=\/wp\/v2\/users\/2476"}],"replies":[{"embeddable":true,"href":"https:\/\/encuentroinformativo.com.mx\/index.php?rest_route=%2Fwp%2Fv2%2Fcomments&post=70457"}],"version-history":[{"count":1,"href":"https:\/\/encuentroinformativo.com.mx\/index.php?rest_route=\/wp\/v2\/posts\/70457\/revisions"}],"predecessor-version":[{"id":70459,"href":"https:\/\/encuentroinformativo.com.mx\/index.php?rest_route=\/wp\/v2\/posts\/70457\/revisions\/70459"}],"wp:featuredmedia":[{"embeddable":true,"href":"https:\/\/encuentroinformativo.com.mx\/index.php?rest_route=\/wp\/v2\/media\/70458"}],"wp:attachment":[{"href":"https:\/\/encuentroinformativo.com.mx\/index.php?rest_route=%2Fwp%2Fv2%2Fmedia&parent=70457"}],"wp:term":[{"taxonomy":"category","embeddable":true,"href":"https:\/\/encuentroinformativo.com.mx\/index.php?rest_route=%2Fwp%2Fv2%2Fcategories&post=70457"},{"taxonomy":"post_tag","embeddable":true,"href":"https:\/\/encuentroinformativo.com.mx\/index.php?rest_route=%2Fwp%2Fv2%2Ftags&post=70457"}],"curies":[{"name":"wp","href":"https:\/\/api.w.org\/{rel}","templated":true}]}}