{"id":7046,"date":"2020-10-19T09:43:14","date_gmt":"2020-10-19T14:43:14","guid":{"rendered":"https:\/\/encuentroinformativo.com.mx\/?p=7046"},"modified":"2020-10-19T09:23:48","modified_gmt":"2020-10-19T14:23:48","slug":"yunes-2021","status":"publish","type":"post","link":"https:\/\/encuentroinformativo.com.mx\/?p=7046","title":{"rendered":"Yunes 2021"},"content":{"rendered":"\n<p><strong>Los Pol\u00edticos<\/strong><\/p>\n\n\n\n<p><strong>Salvador Mu\u00f1oz<\/strong><\/p>\n\n\n\n<p>Estando en la Ciudad de M\u00e9xico, me preguntaban intrigados si s\u00f3lo hab\u00eda Yunes en Veracruz, luego de que un pol\u00edtico con este apellido hab\u00edan competido por la Gubernatura en 2010 y dos m\u00e1s en 2016; agregue que en la Senadur\u00eda, por esos tiempos, hubo un momento en que ten\u00edamos tres Yunes. Y si se le busca, uno era alcalde de Boca del R\u00edo\u2026<\/p>\n\n\n\n<p>Despu\u00e9s del 2018, tenemos tres Yunes en vigencia, Fernando Yunes M\u00e1rquez, H\u00e9ctor Yunes Landa y Andrea Yunes Yunes. Alcalde de Veracruz, Diputado federal y diputada local.<\/p>\n\n\n\n<p>Teniendo a la vuelta de la esquina las elecciones del 2021, palpita el coraz\u00f3n de los Yunistas del Puerto por el regreso de Chiquiyunes, al que algunos ubican como potencial candidato por la alcald\u00eda del Puerto (aun cuando las encuestas siguen perfilando a Bingen Rementer\u00eda como el favorito entre los panistas y por encima de los otros suspirantes de dem\u00e1s partidos).<\/p>\n\n\n\n<p>Hay otro Yunes, Pepe, el de Perote, donde sus seguidores sue\u00f1an con verlo como candidato a Diputado, sea local o federal\u2026<\/p>\n\n\n\n<p>Siendo ambiciosos, hay quienes pretenden ver a pap\u00e1 Yunes (don Miguel, pues) como candidato a diputado federal por las tablas que tiene en el ramo, conocedor del tema Veracruz, y un muy buen argumento para funcionar como contrapeso u oposici\u00f3n. \u00a1Ah! Y a Fernando, v\u00eda Pluri, en una curul local.<\/p>\n\n\n\n<p>\u00bfQui\u00e9n podr\u00eda faltar?<\/p>\n\n\n\n<p>Pues si nos descuidamos, ah\u00ed est\u00e1n Juan Manuel Vel\u00e1zquez Yunes y Oliver Aguilar Yunes, que bien podr\u00edan estrenar camiseta por una curul con el estampado de Morena, cobijados en la sombra de Ricardo Ahued\u2026 uno, por el distrito de Perote; el otro, por el Puerto.<\/p>\n\n\n\n<p>Y si cree que hasta ac\u00e1 paramos, se equivoca\u2026 ah\u00ed est\u00e1 Sof\u00eda Yunes, quien ya hace unas elecciones busc\u00f3 la alcald\u00eda de Soledad de Doblado por Nueva Alianza, pero hace poco public\u00f3 una foto al lado de Luis Donaldo Colosio Riojas, lo que hace especular que podr\u00eda volver a las andadas pol\u00edticas con la bandera de Movimiento Ciudadano y pudiera ir por la revancha para buscar la alcald\u00eda chole\u00f1a.<\/p>\n\n\n\n<p>En espera de que sea el \u00faltimo, aparece Tato Vega Yunes, quien con el registro como partido de Fuerza Social por M\u00e9xico, lo posiciona como candidato natural por la alcald\u00eda de Xalapa (si el partido decidiera apostar a competir en esas lides)&#8230; \u00a1y ojo! porque Tato Vega Yunes tiene camino recorrido, amigos, conocidos a lo largo y ancho no s\u00f3lo de Xalapa, sino tambi\u00e9n en su distrito rural o la entidad.<\/p>\n\n\n\n<p>Y s\u00ed, de acuerdo a los n\u00fameros, a las encuestas, a la l\u00f3gica, si citamos a Vega Yunes y al partido de Fuerza Social por M\u00e9xico, el resultado arroja que queda como Presidente Tato\u2026 bueno, presidente estatal del partido Fuerza Social por M\u00e9xico, y por ello se sobreentiende que por el momento, es de los pocos Yunes que de seguro ha de participar en estas elecciones, como dirigente de partido, nada m\u00e1s\u2026<\/p>\n\n\n\n<p>En s\u00edntesis, el apellido Yunes se desperdiga m\u00e1s all\u00e1 del PRI (su nacimiento) y del PAN\u2026 trasciende del Nueva Alianza y del PVEM\u2026 si se descuidan o si los dejan, igual pueden permear en Morena, Movimiento Ciudadano, o en donde ya es claro: en Fuerza Social por M\u00e9xico\u2026<\/p>\n\n\n\n<p>Y eso que apenas vamos al 2021\u2026 y mucho va a depender de los resultados que arroje en esas elecciones para entonces poder ir hablando del 2024\u2026 aunque algunos de estos Yunes tienen \u201cperos\u201d que los asemeja mucho a un comportamiento que priva hoy en Morena\u2026 pero de eso hablaremos en otra columna\u2026 de los Yunes.<\/p>\n\n\n\n<p><a href=\"mailto:smcainito@gmail.com\" target=\"_blank\" rel=\"noreferrer noopener\">smcainito@gmail.com<\/a><\/p>\n","protected":false},"excerpt":{"rendered":"<p>Los Pol\u00edticos Salvador Mu\u00f1oz Estando en la Ciudad de M\u00e9xico, me preguntaban intrigados si s\u00f3lo hab\u00eda Yunes en Veracruz, luego de que un pol\u00edtico con este apellido hab\u00edan competido por la Gubernatura en 2010 y dos m\u00e1s en 2016; agregue que en la Senadur\u00eda, por esos tiempos, hubo un momento en que ten\u00edamos tres Yunes. [&hellip;]<\/p>\n","protected":false},"author":1,"featured_media":387,"comment_status":"open","ping_status":"open","sticky":false,"template":"","format":"standard","meta":{"_jetpack_memberships_contains_paid_content":false,"footnotes":""},"categories":[11],"tags":[],"class_list":["post-7046","post","type-post","status-publish","format-standard","has-post-thumbnail","hentry","category-opinion"],"jetpack_featured_media_url":"https:\/\/encuentroinformativo.com.mx\/wp-content\/uploads\/2020\/03\/7CF8A22B-2764-47BE-8F7F-38FE9E5D6A2F.jpeg","jetpack_sharing_enabled":true,"jetpack_likes_enabled":true,"amp_enabled":true,"_links":{"self":[{"href":"https:\/\/encuentroinformativo.com.mx\/index.php?rest_route=\/wp\/v2\/posts\/7046","targetHints":{"allow":["GET"]}}],"collection":[{"href":"https:\/\/encuentroinformativo.com.mx\/index.php?rest_route=\/wp\/v2\/posts"}],"about":[{"href":"https:\/\/encuentroinformativo.com.mx\/index.php?rest_route=\/wp\/v2\/types\/post"}],"author":[{"embeddable":true,"href":"https:\/\/encuentroinformativo.com.mx\/index.php?rest_route=\/wp\/v2\/users\/1"}],"replies":[{"embeddable":true,"href":"https:\/\/encuentroinformativo.com.mx\/index.php?rest_route=%2Fwp%2Fv2%2Fcomments&post=7046"}],"version-history":[{"count":1,"href":"https:\/\/encuentroinformativo.com.mx\/index.php?rest_route=\/wp\/v2\/posts\/7046\/revisions"}],"predecessor-version":[{"id":7047,"href":"https:\/\/encuentroinformativo.com.mx\/index.php?rest_route=\/wp\/v2\/posts\/7046\/revisions\/7047"}],"wp:featuredmedia":[{"embeddable":true,"href":"https:\/\/encuentroinformativo.com.mx\/index.php?rest_route=\/wp\/v2\/media\/387"}],"wp:attachment":[{"href":"https:\/\/encuentroinformativo.com.mx\/index.php?rest_route=%2Fwp%2Fv2%2Fmedia&parent=7046"}],"wp:term":[{"taxonomy":"category","embeddable":true,"href":"https:\/\/encuentroinformativo.com.mx\/index.php?rest_route=%2Fwp%2Fv2%2Fcategories&post=7046"},{"taxonomy":"post_tag","embeddable":true,"href":"https:\/\/encuentroinformativo.com.mx\/index.php?rest_route=%2Fwp%2Fv2%2Ftags&post=7046"}],"curies":[{"name":"wp","href":"https:\/\/api.w.org\/{rel}","templated":true}]}}