{"id":70477,"date":"2025-08-28T14:09:35","date_gmt":"2025-08-28T20:09:35","guid":{"rendered":"https:\/\/encuentroinformativo.com.mx\/?p=70477"},"modified":"2025-08-28T14:09:35","modified_gmt":"2025-08-28T20:09:35","slug":"busca-sindicato-de-espacios-educativos-incorporarse-al-ipe","status":"publish","type":"post","link":"https:\/\/encuentroinformativo.com.mx\/?p=70477","title":{"rendered":"Busca sindicato de Espacios Educativos incorporarse al IPE"},"content":{"rendered":"<p><strong>Dar\u00edo Pale<\/strong><\/p>\n<p>Xalapa, Ver.- Sindicalizados de Espacios Educativos, sin incorporaci\u00f3n al Instituto de Pensiones del Estado (IPE), comentaron que, hay agremiados con m\u00e1s de 29 a\u00f1os de servicio y personal de 82 a\u00f1os con enfermedades degenerativas.<\/p>\n<p>Carlos David J\u00e1come Mac\u00edas, secretario general del Sindicato \u00danico de Trabajadores al Servicio del Instituto de Espacios Educativos del Estado de Veracruz dio a conocer que varios trabajadores no se encuentran incorporados al Instituto de Pensiones del Estado (IPE).<\/p>\n<p>Puso como ejemplo que hay agremiados con m\u00e1s de 29 a\u00f1os de servicio y hay personal de 82 a\u00f1os con enfermedades degenerativas, &#8220;lo cual es muy denigrante que no nos incorporen&#8221;.<\/p>\n<p>Actualmente conforman el sindicato, 82 trabajadores, expuso que se reunieron con el subsecretario de Gobierno, Jos\u00e9 Manuel Pozos Castro quien les dijo que el proceso est\u00e1 en marcha y les dio certeza de que se concretar\u00e1.<\/p>\n<p>Finalmente comentaron que, &#8220;la relaci\u00f3n con el gobierno va bien y tenemos confianza en que se har\u00e1 la incorporaci\u00f3n y esperamos que nos muestren los beneficios&#8221;.<\/p>\n","protected":false},"excerpt":{"rendered":"<p>Dar\u00edo Pale Xalapa, Ver.- Sindicalizados de Espacios Educativos, sin incorporaci\u00f3n al Instituto de Pensiones del Estado (IPE), comentaron que, hay agremiados con m\u00e1s de 29 a\u00f1os de servicio y personal de 82 a\u00f1os con enfermedades degenerativas. Carlos David J\u00e1come Mac\u00edas, secretario general del Sindicato \u00danico de Trabajadores al Servicio del Instituto de Espacios Educativos del [&hellip;]<\/p>\n","protected":false},"author":2476,"featured_media":70478,"comment_status":"open","ping_status":"open","sticky":false,"template":"","format":"standard","meta":{"_jetpack_memberships_contains_paid_content":false,"footnotes":""},"categories":[3],"tags":[],"class_list":["post-70477","post","type-post","status-publish","format-standard","has-post-thumbnail","hentry","category-xalapa"],"jetpack_featured_media_url":"https:\/\/encuentroinformativo.com.mx\/wp-content\/uploads\/2025\/08\/IMG-20250828-WA0143.jpg","jetpack_sharing_enabled":true,"jetpack_likes_enabled":true,"amp_enabled":true,"_links":{"self":[{"href":"https:\/\/encuentroinformativo.com.mx\/index.php?rest_route=\/wp\/v2\/posts\/70477","targetHints":{"allow":["GET"]}}],"collection":[{"href":"https:\/\/encuentroinformativo.com.mx\/index.php?rest_route=\/wp\/v2\/posts"}],"about":[{"href":"https:\/\/encuentroinformativo.com.mx\/index.php?rest_route=\/wp\/v2\/types\/post"}],"author":[{"embeddable":true,"href":"https:\/\/encuentroinformativo.com.mx\/index.php?rest_route=\/wp\/v2\/users\/2476"}],"replies":[{"embeddable":true,"href":"https:\/\/encuentroinformativo.com.mx\/index.php?rest_route=%2Fwp%2Fv2%2Fcomments&post=70477"}],"version-history":[{"count":1,"href":"https:\/\/encuentroinformativo.com.mx\/index.php?rest_route=\/wp\/v2\/posts\/70477\/revisions"}],"predecessor-version":[{"id":70479,"href":"https:\/\/encuentroinformativo.com.mx\/index.php?rest_route=\/wp\/v2\/posts\/70477\/revisions\/70479"}],"wp:featuredmedia":[{"embeddable":true,"href":"https:\/\/encuentroinformativo.com.mx\/index.php?rest_route=\/wp\/v2\/media\/70478"}],"wp:attachment":[{"href":"https:\/\/encuentroinformativo.com.mx\/index.php?rest_route=%2Fwp%2Fv2%2Fmedia&parent=70477"}],"wp:term":[{"taxonomy":"category","embeddable":true,"href":"https:\/\/encuentroinformativo.com.mx\/index.php?rest_route=%2Fwp%2Fv2%2Fcategories&post=70477"},{"taxonomy":"post_tag","embeddable":true,"href":"https:\/\/encuentroinformativo.com.mx\/index.php?rest_route=%2Fwp%2Fv2%2Ftags&post=70477"}],"curies":[{"name":"wp","href":"https:\/\/api.w.org\/{rel}","templated":true}]}}