{"id":70488,"date":"2025-08-29T10:18:05","date_gmt":"2025-08-29T16:18:05","guid":{"rendered":"https:\/\/encuentroinformativo.com.mx\/?p=70488"},"modified":"2025-08-29T10:18:05","modified_gmt":"2025-08-29T16:18:05","slug":"dos-motociclistas-fallecidos-en-fatal-accidente-en-veracruz-puerto","status":"publish","type":"post","link":"https:\/\/encuentroinformativo.com.mx\/?p=70488","title":{"rendered":"Dos motociclistas fallecidos en fatal accidente en Veracruz puerto"},"content":{"rendered":"<p><strong>Alejandro \u00c1vila<\/strong><\/p>\n<p>Veracruz, Ver.- Dos tripulantes de una motocicleta perdieron la vida la noche de este jueves 29 de agosto tras impactarse con un autobus de pasaje y un veh\u00edculo particular en la carretera federal Veracruz &#8211; Xalapa a la altura del distribuidor vial de la Cabeza Olmeca.<\/p>\n<p>Un hombre y una mujer a\u00fan no identificados se estrellaron contra un cami\u00f3n de la ruta Dorado &#8211; Tejer\u00eda &#8211; Bajadas, con n\u00famero econ\u00f3mico 1516.<\/p>\n<p>El conductor de esta unidad explic\u00f3 a las autoridades que al circular con direcci\u00f3n hacia las Bajadas, \u00e9l conductor de una motocicleta Hero, de color azul, se meti\u00f3 a su paso de imprevisto, por lo que no tuvo tiempo de frenar.<\/p>\n<p>Esta misma versi\u00f3n se\u00f1alaron algunos de los pasajeros, los que indicaron que tras est\u00e1 maniobra, el urbano impact\u00f3 y estrell\u00f3 a la moto y a sus pasajeros contra la parte trasera de una camioneta Toyota tipo Avanza, de color blanco, la que finalmente impacto a una camioneta GMC.<\/p>\n<p>Debido a la cercan\u00eda de la sede Estatal de la Guardia Nacional, al lugar arribaron elementos de esta corporaci\u00f3n, para atender el percance de primer respondiente, quedando completamente cerrada la vialidad en todos los carriles con direcci\u00f3n de oriente a poniente.<\/p>\n<p>Por lo menos 25 pasajeros resultaron lesionados, entre ellos algunos menores, as\u00ed como una adulta mayor y una joven embarazada, por fortuna ninguna persona sufri\u00f3 lesiones de gravedad.<\/p>\n<p>M\u00e1s tarde elementos de la Polic\u00eda Ministerial y de servicios periciales realizaron las diligencias por estos hechos y levantamiento de los cuerpos, as\u00ed como el aseguramiento del conductor quien se qued\u00f3 en el lugar.<\/p>\n<p><img loading=\"lazy\" decoding=\"async\" class=\"aligncenter size-medium wp-image-70490\" src=\"https:\/\/encuentroinformativo.com.mx\/wp-content\/uploads\/2025\/08\/IMG-20250828-WA0341-300x176.jpg\" alt=\"\" width=\"300\" height=\"176\" srcset=\"https:\/\/encuentroinformativo.com.mx\/wp-content\/uploads\/2025\/08\/IMG-20250828-WA0341-300x176.jpg 300w, https:\/\/encuentroinformativo.com.mx\/wp-content\/uploads\/2025\/08\/IMG-20250828-WA0341-1024x601.jpg 1024w, https:\/\/encuentroinformativo.com.mx\/wp-content\/uploads\/2025\/08\/IMG-20250828-WA0341-768x451.jpg 768w, https:\/\/encuentroinformativo.com.mx\/wp-content\/uploads\/2025\/08\/IMG-20250828-WA0341-1536x902.jpg 1536w, https:\/\/encuentroinformativo.com.mx\/wp-content\/uploads\/2025\/08\/IMG-20250828-WA0341.jpg 1574w\" sizes=\"auto, (max-width: 300px) 100vw, 300px\" \/><\/p>\n","protected":false},"excerpt":{"rendered":"<p>Alejandro \u00c1vila Veracruz, Ver.- Dos tripulantes de una motocicleta perdieron la vida la noche de este jueves 29 de agosto tras impactarse con un autobus de pasaje y un veh\u00edculo particular en la carretera federal Veracruz &#8211; Xalapa a la altura del distribuidor vial de la Cabeza Olmeca. Un hombre y una mujer a\u00fan no [&hellip;]<\/p>\n","protected":false},"author":2476,"featured_media":70489,"comment_status":"open","ping_status":"open","sticky":false,"template":"","format":"standard","meta":{"_jetpack_memberships_contains_paid_content":false,"footnotes":""},"categories":[14],"tags":[],"class_list":["post-70488","post","type-post","status-publish","format-standard","has-post-thumbnail","hentry","category-policiaca"],"jetpack_featured_media_url":"https:\/\/encuentroinformativo.com.mx\/wp-content\/uploads\/2025\/08\/IMG-20250828-WA0340.jpg","jetpack_sharing_enabled":true,"jetpack_likes_enabled":true,"amp_enabled":true,"_links":{"self":[{"href":"https:\/\/encuentroinformativo.com.mx\/index.php?rest_route=\/wp\/v2\/posts\/70488","targetHints":{"allow":["GET"]}}],"collection":[{"href":"https:\/\/encuentroinformativo.com.mx\/index.php?rest_route=\/wp\/v2\/posts"}],"about":[{"href":"https:\/\/encuentroinformativo.com.mx\/index.php?rest_route=\/wp\/v2\/types\/post"}],"author":[{"embeddable":true,"href":"https:\/\/encuentroinformativo.com.mx\/index.php?rest_route=\/wp\/v2\/users\/2476"}],"replies":[{"embeddable":true,"href":"https:\/\/encuentroinformativo.com.mx\/index.php?rest_route=%2Fwp%2Fv2%2Fcomments&post=70488"}],"version-history":[{"count":1,"href":"https:\/\/encuentroinformativo.com.mx\/index.php?rest_route=\/wp\/v2\/posts\/70488\/revisions"}],"predecessor-version":[{"id":70491,"href":"https:\/\/encuentroinformativo.com.mx\/index.php?rest_route=\/wp\/v2\/posts\/70488\/revisions\/70491"}],"wp:featuredmedia":[{"embeddable":true,"href":"https:\/\/encuentroinformativo.com.mx\/index.php?rest_route=\/wp\/v2\/media\/70489"}],"wp:attachment":[{"href":"https:\/\/encuentroinformativo.com.mx\/index.php?rest_route=%2Fwp%2Fv2%2Fmedia&parent=70488"}],"wp:term":[{"taxonomy":"category","embeddable":true,"href":"https:\/\/encuentroinformativo.com.mx\/index.php?rest_route=%2Fwp%2Fv2%2Fcategories&post=70488"},{"taxonomy":"post_tag","embeddable":true,"href":"https:\/\/encuentroinformativo.com.mx\/index.php?rest_route=%2Fwp%2Fv2%2Ftags&post=70488"}],"curies":[{"name":"wp","href":"https:\/\/api.w.org\/{rel}","templated":true}]}}